{"id":4810,"date":"2019-10-14T07:25:13","date_gmt":"2019-10-14T12:25:13","guid":{"rendered":"http:\/\/www.zonaroja.com.mx\/?p=4810"},"modified":"2019-10-14T07:25:15","modified_gmt":"2019-10-14T12:25:15","slug":"acepta-fiscalia-que-tenia-osamenta-y-mariguana-en-techo-pero-se-estaban-secando","status":"publish","type":"post","link":"https:\/\/zonaroja.com.mx\/?p=4810","title":{"rendered":"Acepta Fiscal\u00eda que ten\u00eda osamenta y mariguana en techo\u2026 pero se estaban secando"},"content":{"rendered":"\n<p>Redacci\u00f3n\/Zona Roja.<\/p>\n\n\n\n<p>Oaxaca de Ju\u00e1rez, Oax., 14 de octubre\nde 2019.- La Fiscal\u00eda General del Estado de Oaxaca reconoci\u00f3 que en el techo de\nla Vicefiscal\u00eda Regional del Istmo, con sede en Tehuantepec, hab\u00eda droga,\nrestos humanos y ropa; sin embargo, dijo que estaban en un proceso de secado.<\/p>\n\n\n\n<p>No obstante, de acuerdo con un video y fotograf\u00edas que se dieron a conocer ayer presuntamente por pobladores de San Blas Atempa &#8211;que el s\u00e1bado habr\u00edan ingresado a las instalaciones&#8211;, la mariguana no se encuentra extendida al sol, sino en bolsas semirrotas y da\u00f1adas por el sol; la misma situaci\u00f3n de los huesos, que s\u00f3lo estaban en una caja de cart\u00f3n al parecer da\u00f1ada por las lluvias, y la ropa se encuentra desperdigada en todo el techo.<\/p>\n\n\n\n<p>Cerca de la media noche de este domingo,\nla Fiscal\u00eda emiti\u00f3 un comunicado en que inform\u00f3 que el s\u00e1bado, unas 200\npersonas de San Blas acudieron a las instalacioes de la Vicefiscal\u00eda Regional\npara exigir que les entregaran a una persona, acusada de participar en la\ndesaparici\u00f3n de la joven Hilary Naxhiely, \u201ccausando destrozos al inmueble y\naccediendo al mismo violentamente\u201d.<\/p>\n\n\n\n<p>\u201cDerivado de estos hechos, durante este 13 de octubre, a trav\u00e9s de redes sociales se exhibi\u00f3 un video, en el que se escucha a alguien se\u00f1alar que \u2018encontraron\u2019 restos \u00f3seos en la azotea de las referidas instalaciones\u201d.<\/p>\n\n\n\n<figure class=\"wp-block-image\"><img decoding=\"async\" width=\"1024\" height=\"768\" src=\"http:\/\/www.zonaroja.com.mx\/wp-content\/uploads\/2019\/10\/IMG_7764-1024x768.jpg\" alt=\"\" class=\"wp-image-4802\" srcset=\"https:\/\/zonaroja.com.mx\/wp-content\/uploads\/2019\/10\/IMG_7764-1024x768.jpg 1024w, https:\/\/zonaroja.com.mx\/wp-content\/uploads\/2019\/10\/IMG_7764-300x225.jpg 300w, https:\/\/zonaroja.com.mx\/wp-content\/uploads\/2019\/10\/IMG_7764-768x576.jpg 768w, https:\/\/zonaroja.com.mx\/wp-content\/uploads\/2019\/10\/IMG_7764-585x439.jpg 585w, https:\/\/zonaroja.com.mx\/wp-content\/uploads\/2019\/10\/IMG_7764.jpg 1125w\" sizes=\"(max-width: 1024px) 100vw, 1024px\" \/><\/figure>\n\n\n\n<p>A\u00f1adi\u00f3 que el grupo de personas que\nlleg\u00f3 el s\u00e1bado 12 de octubre a las instalaciones de la Vicefiscal\u00eda, \u201cpretend\u00eda\nsustraer a la persona resguardada para lincharla y hacer justicia por sus\npropias manos. <\/p>\n\n\n\n<p>\u201cAl impedirles dicha acci\u00f3n, los\nmanifestantes ingresaron y ocuparon violentamente las instalaciones &#8211;destrozando\nventanas, da\u00f1ando mobiliario y causando p\u00e1nico a los usuarios que se\nencontraban realizando sus tr\u00e1mites&#8211;, por lo que se orden\u00f3 el desalojo\ninmediato, a fin de resguardar la integridad f\u00edsica, tanto del personal como\ndel p\u00fablico usuario. <\/p>\n\n\n\n<p>\u201cPor cuanto al video que circula en\nredes sociales, se aclara que los restos \u00f3seos que se observan en el mismo,\ndieron inicio a la Carpeta de Investigaci\u00f3n n\u00famero 28322\/FIST\/TEHUANTEPEC\/2019,\nlos cuales se encontraban en proceso de env\u00edo al Servicio M\u00e9dico Forense &nbsp;\u201cDr. Luis Mendoza Canseco\u201d del Instituto de\nServicios Periciales de la Fiscal\u00eda General para los estudios multidisciplinarios\ncorrespondientes y su posterior resguardo. <\/p>\n\n\n\n<p>\u201cEstos restos se encontraban ubicados\nen la bodega de indicios de esa Vicefiscal\u00eda Regional; sin embargo, dadas las\ncondiciones climatol\u00f3gicas que se han presentado en dicha regi\u00f3n, como son un\nexceso de calor y humedad y que dichas condiciones impactan en forma\nsignificativa a este tipo de indicios biol\u00f3gicos para su procesamiento y\nembalaje, se decidi\u00f3 dos horas antes de la toma de las instalaciones de la\nVicefiscal\u00eda Regional \u2212por parte del personal pericial\u2212, trasladar dichos\nrestos a la azotea del edificio resguardados en un empaque, con la finalidad de\nser sometidos a un proceso de secado controlado en sombra y aire circulante,\nm\u00e1xime que al haber transcurrido la mayor parte del d\u00eda las temperaturas\niniciaban su descenso, propiciando factores condicionantes positivos para dicho\nproceso.<\/p>\n\n\n\n<p>\u201cPor cuanto hace a la substancia que\naparece como hierba, la misma se encuentra asegurada dentro de la carpeta de\ninvestigaci\u00f3n 4310\/IXT\/2016, y corresponde a marihuana, la cual se encontraba\nen un proceso de secado para evitar la maceraci\u00f3n y deterioro de dicha\nsubstancia por las condiciones actuales en la regi\u00f3n.<\/p>\n\n\n\n<p>\u201cCon relaci\u00f3n a las ropas, \u00e9stas pertenecen a diferentes carpetas de investigaci\u00f3n generadas por hechos violentos en la regi\u00f3n del Istmo, las cuales se encontraban en un proceso de secado y dispersas en dicha azotea para evitar una contaminaci\u00f3n cruzada de indicios y ser sometidas posteriormente a las diversas pruebas qu\u00edmicas ordenadas\u201d.<\/p>\n\n\n\n<figure class=\"wp-block-image\"><img decoding=\"async\" width=\"1024\" height=\"768\" src=\"http:\/\/www.zonaroja.com.mx\/wp-content\/uploads\/2019\/10\/IMG_7715-1024x768.jpg\" alt=\"\" class=\"wp-image-4797\" srcset=\"https:\/\/zonaroja.com.mx\/wp-content\/uploads\/2019\/10\/IMG_7715-1024x768.jpg 1024w, https:\/\/zonaroja.com.mx\/wp-content\/uploads\/2019\/10\/IMG_7715-300x225.jpg 300w, https:\/\/zonaroja.com.mx\/wp-content\/uploads\/2019\/10\/IMG_7715-768x576.jpg 768w, https:\/\/zonaroja.com.mx\/wp-content\/uploads\/2019\/10\/IMG_7715-1170x878.jpg 1170w, https:\/\/zonaroja.com.mx\/wp-content\/uploads\/2019\/10\/IMG_7715-585x439.jpg 585w, https:\/\/zonaroja.com.mx\/wp-content\/uploads\/2019\/10\/IMG_7715.jpg 1280w\" sizes=\"(max-width: 1024px) 100vw, 1024px\" \/><\/figure>\n\n\n\n<p>Refiri\u00f3 que el escenario de dichas evidencias\nfue alterado por parte de quienes subieron al techo, lo que \u201cque pone en riesgo\nla integridad de diversos indicios desde su s\u00f3lo contacto con los mismos,\nviolando las medidas necesarias que establece el protocolo nacional de cadena\nde custodia. <\/p>\n\n\n\n<p>\u201cEsto se traduce en la contaminaci\u00f3n de\ndichos indicios, acci\u00f3n que podr\u00eda evitar adecuados procesos de investigaci\u00f3n. <\/p>\n\n\n\n<p>\u201cLa FGEO condena estos hechos\narbitrarios e ilegales y es firme al indicar que se proceder\u00e1 conforme a la ley\ncontra quien o quienes resulten responsables de dichas alteraciones. Por ello,\nla Vicefiscal\u00eda Regional inici\u00f3 una carpeta de investigaci\u00f3n para deslindar las\nresponsabilidades correspondientes\u201d.<\/p>\n\n\n\n<p>Lo que sucedi\u00f3 en el caso de la joven Hilary\nNaxhiely L\u00f3pez L\u00f3pez, desaparecida el viernes por la ma\u00f1ana y tra\u00edda de la\nciudad de Oaxaca el s\u00e1bado por la noche, no especific\u00f3 si hay personas\ndetenidas, el delito que se configura y la forma en que fue localizada la\nestudiante.<\/p>\n","protected":false},"excerpt":{"rendered":"<p>Redacci\u00f3n\/Zona Roja. Oaxaca de Ju\u00e1rez, Oax., 14 de octubre de 2019.- La Fiscal\u00eda General del&hellip;<\/p>\n","protected":false},"author":2,"featured_media":4811,"comment_status":"closed","ping_status":"open","sticky":false,"template":"","format":"standard","meta":{"_lmt_disableupdate":"","_lmt_disable":"","_jetpack_memberships_contains_paid_content":false,"footnotes":""},"categories":[109,51],"tags":[],"class_list":["post-4810","post","type-post","status-publish","format-standard","has-post-thumbnail","hentry","category-minuto-a-minuto","category-zona-roja"],"jetpack_featured_media_url":"https:\/\/zonaroja.com.mx\/wp-content\/uploads\/2019\/10\/Vicefiscal\u00eda-Istmo.jpg","jetpack_sharing_enabled":true,"_links":{"self":[{"href":"https:\/\/zonaroja.com.mx\/index.php?rest_route=\/wp\/v2\/posts\/4810","targetHints":{"allow":["GET"]}}],"collection":[{"href":"https:\/\/zonaroja.com.mx\/index.php?rest_route=\/wp\/v2\/posts"}],"about":[{"href":"https:\/\/zonaroja.com.mx\/index.php?rest_route=\/wp\/v2\/types\/post"}],"author":[{"embeddable":true,"href":"https:\/\/zonaroja.com.mx\/index.php?rest_route=\/wp\/v2\/users\/2"}],"replies":[{"embeddable":true,"href":"https:\/\/zonaroja.com.mx\/index.php?rest_route=%2Fwp%2Fv2%2Fcomments&post=4810"}],"version-history":[{"count":1,"href":"https:\/\/zonaroja.com.mx\/index.php?rest_route=\/wp\/v2\/posts\/4810\/revisions"}],"predecessor-version":[{"id":4812,"href":"https:\/\/zonaroja.com.mx\/index.php?rest_route=\/wp\/v2\/posts\/4810\/revisions\/4812"}],"wp:featuredmedia":[{"embeddable":true,"href":"https:\/\/zonaroja.com.mx\/index.php?rest_route=\/wp\/v2\/media\/4811"}],"wp:attachment":[{"href":"https:\/\/zonaroja.com.mx\/index.php?rest_route=%2Fwp%2Fv2%2Fmedia&parent=4810"}],"wp:term":[{"taxonomy":"category","embeddable":true,"href":"https:\/\/zonaroja.com.mx\/index.php?rest_route=%2Fwp%2Fv2%2Fcategories&post=4810"},{"taxonomy":"post_tag","embeddable":true,"href":"https:\/\/zonaroja.com.mx\/index.php?rest_route=%2Fwp%2Fv2%2Ftags&post=4810"}],"curies":[{"name":"wp","href":"https:\/\/api.w.org\/{rel}","templated":true}]}}