{"id":48109,"date":"2022-11-17T10:00:00","date_gmt":"2022-11-17T16:00:00","guid":{"rendered":"http:\/\/www.zonaroja.com.mx\/?p=48109"},"modified":"2022-11-17T07:01:22","modified_gmt":"2022-11-17T13:01:22","slug":"oaxaca-cae-al-ultimo-lugar-en-progreso-social-mexico-retrocede-seis-anos","status":"publish","type":"post","link":"https:\/\/zonaroja.com.mx\/?p=48109","title":{"rendered":"Oaxaca cae al \u00faltimo lugar en progreso social; M\u00e9xico retrocede seis a\u00f1os"},"content":{"rendered":"\n<p>Yuridiana Sosa\/Zona Roja.<\/p>\n\n\n\n<p>Oaxaca de Ju\u00e1rez, Oax.,17 de noviembre de 2022.- Oaxaca es la entidad con el impacto m\u00e1s grave en la disminuci\u00f3n del \u00cdndice de Progreso Social (IPS) 2021, al posicionarse en el \u00faltimo lugar en el ranking nacional.<\/p>\n\n\n\n<p>De acuerdo con el estudio del Observatorio Econ\u00f3mico M\u00e9xico \u00bfC\u00f3mo vamos?, Oaxaca registr\u00f3 una calificaci\u00f3n de 46.9 puntos, pero, adem\u00e1s, perdi\u00f3 entre el 2020 y 2021 3.31 puntos, el segundo con mayor ca\u00edda en el IPS.<\/p>\n\n\n\n<p>El an\u00e1lisis sobre el progreso del pa\u00eds y las entidades se calcula de los indicadores sociales y ambientales que son Necesidades Humanas B\u00e1sicas, Fundamentos del Bienestar y Oportunidades; en ese sentido las calificaciones para Oaxaca fueron de 43.3, 51.4 y 46.6 puntos, respectivamente.<\/p>\n\n\n\n<p>Respecto a los sub\u00edndices evaluados, por nutrici\u00f3n y cuidados m\u00e9dicos b\u00e1sicos obtuvo 15.1; agua y saneamiento 39.4; vivienda&nbsp;&nbsp;&nbsp; 51.3, seguridad personal, 67.5; salud y bienestar, 43.7; acceso a conocimientos b\u00e1sicos, 31; acceso a informaci\u00f3n y comunicaciones 58.5; calidad medioambiental 72.3; derechos personales 70.4; libertad personal y de elecci\u00f3n&nbsp;32.6; e inclusi\u00f3n, 51.7 puntos.<\/p>\n\n\n\n<p>Por encima de la entidad oaxaque\u00f1a en el ranking se posicionaron Guerrero con calificaci\u00f3n de 48.9 puntos; Chiapas, 49.3 y Veracruz, 52.4, este \u00faltimo a su vez fue el que m\u00e1s puntos perdi\u00f3 entre el 2020 y 2021, con un menos 4.18 y en tercer lugar, mientras que los anteriores tuvieron p\u00e9rdidas menores al 2.5.<\/p>\n\n\n\n<p>NACIONAL<\/p>\n\n\n\n<p>El an\u00e1lisis del Observatorio Econ\u00f3mico M\u00e9xico \u00bfC\u00f3mo vamos? Se\u00f1al\u00f3 que M\u00e9xico retrocedi\u00f3 seis a\u00f1os para alcanzar niveles de 2015, con un \u00cdndice de Progreso Social (IPS) de 63 puntos en 2021, mientras que hace un sexenio fue de 62.9 puntos.<\/p>\n\n\n\n<p>En Necesidades Humanas B\u00e1sicas el puntaje a nivel nacional fue de 69.9 de 100 posibles, el m\u00e1s bajo desde que hay registro.<\/p>\n\n\n\n<p>Entre el 2020 y 2021, unas 24 entidades presentaron disminuciones en su IPS. S\u00f3lo Zacatecas, Aguascalientes, Ciudad de M\u00e9xico, San Luis Potos\u00ed, Tlaxcala, Tabasco y Chihuahua avanzaron, mientras que Coahuila no present\u00f3 cambios.<\/p>\n\n\n\n<p>De acuerdo al analista del Observatorio, Axel Gonz\u00e1lez, las entidades del norte, adem\u00e1s de Quer\u00e9taro, Aguascalientes, Ciudad de M\u00e9xico y Jalisco tendr\u00edan probabilidades de obtener beneficios del nearshoring, que es una estrategia por la que una empresa transfiere parte de su producci\u00f3n a terceros.<\/p>\n\n\n\n<p>Mientras que estados como Oaxaca, Guerrero, Chiapas y Veracruz no podr\u00edan acceder por la falta de infraestructura, pocos insumos y menor capital humano.<\/p>\n\n\n\n<p>El estudio puntualiz\u00f3 que en entre el 2015 y 2018 hubo avances en el progreso social del pa\u00eds, con un acumulado de 1.9 puntos en dicho periodo, en tanto que la ca\u00edda acumulada entre 2018 y 2021 en el progreso social es de 1.8 puntos.<\/p>\n\n\n\n<p>Desde el a\u00f1o 2019, antes de la pandemia, se observ\u00f3 una disminuci\u00f3n de 0.3 puntos en el progreso social.<\/p>\n\n\n\n<p>En tanto que, el \u201c\u00cdndice de Progreso Social 2022\u201d- de septiembre- &nbsp;revela que, a nivel mundial, M\u00e9xico ocupa la posici\u00f3n 66 de 169 pa\u00edses en el \u00cdndice de Progreso Social, perdiendo nivel en siete de los 12 componentes del progreso social.&nbsp;<\/p>\n","protected":false},"excerpt":{"rendered":"<p>Yuridiana Sosa\/Zona Roja. Oaxaca de Ju\u00e1rez, Oax.,17 de noviembre de 2022.- Oaxaca es la entidad&hellip;<\/p>\n","protected":false},"author":2,"featured_media":22988,"comment_status":"closed","ping_status":"open","sticky":false,"template":"","format":"standard","meta":{"_lmt_disableupdate":"","_lmt_disable":"","_jetpack_memberships_contains_paid_content":false,"footnotes":""},"categories":[109,47],"tags":[3317],"class_list":["post-48109","post","type-post","status-publish","format-standard","has-post-thumbnail","hentry","category-minuto-a-minuto","category-zona-gris","tag-pobreza-en-oaxaca"],"jetpack_featured_media_url":"https:\/\/zonaroja.com.mx\/wp-content\/uploads\/2021\/01\/Pobreza-en-Mexico.jpg","jetpack_sharing_enabled":true,"_links":{"self":[{"href":"https:\/\/zonaroja.com.mx\/index.php?rest_route=\/wp\/v2\/posts\/48109","targetHints":{"allow":["GET"]}}],"collection":[{"href":"https:\/\/zonaroja.com.mx\/index.php?rest_route=\/wp\/v2\/posts"}],"about":[{"href":"https:\/\/zonaroja.com.mx\/index.php?rest_route=\/wp\/v2\/types\/post"}],"author":[{"embeddable":true,"href":"https:\/\/zonaroja.com.mx\/index.php?rest_route=\/wp\/v2\/users\/2"}],"replies":[{"embeddable":true,"href":"https:\/\/zonaroja.com.mx\/index.php?rest_route=%2Fwp%2Fv2%2Fcomments&post=48109"}],"version-history":[{"count":1,"href":"https:\/\/zonaroja.com.mx\/index.php?rest_route=\/wp\/v2\/posts\/48109\/revisions"}],"predecessor-version":[{"id":48110,"href":"https:\/\/zonaroja.com.mx\/index.php?rest_route=\/wp\/v2\/posts\/48109\/revisions\/48110"}],"wp:featuredmedia":[{"embeddable":true,"href":"https:\/\/zonaroja.com.mx\/index.php?rest_route=\/wp\/v2\/media\/22988"}],"wp:attachment":[{"href":"https:\/\/zonaroja.com.mx\/index.php?rest_route=%2Fwp%2Fv2%2Fmedia&parent=48109"}],"wp:term":[{"taxonomy":"category","embeddable":true,"href":"https:\/\/zonaroja.com.mx\/index.php?rest_route=%2Fwp%2Fv2%2Fcategories&post=48109"},{"taxonomy":"post_tag","embeddable":true,"href":"https:\/\/zonaroja.com.mx\/index.php?rest_route=%2Fwp%2Fv2%2Ftags&post=48109"}],"curies":[{"name":"wp","href":"https:\/\/api.w.org\/{rel}","templated":true}]}}