{"id":48111,"date":"2022-11-17T10:30:00","date_gmt":"2022-11-17T16:30:00","guid":{"rendered":"http:\/\/www.zonaroja.com.mx\/?p=48111"},"modified":"2022-11-17T07:05:09","modified_gmt":"2022-11-17T13:05:09","slug":"madre-de-cuatro-hijos-termina-bachillerato-a-los-47-anos-y-quiere-ser-abogada","status":"publish","type":"post","link":"https:\/\/zonaroja.com.mx\/?p=48111","title":{"rendered":"Madre de cuatro hijos termina bachillerato a los 47 a\u00f1os y quiere ser abogada"},"content":{"rendered":"\n<p>Redacci\u00f3n\/Zona Roja.<\/p>\n\n\n\n<p>Oaxaca de Ju\u00e1rez, Oax., a 17 de noviembre de 2022.- A sus 47 a\u00f1os de edad, Gabriela Urdiana Le\u00f3n egres\u00f3 del Centro de Educaci\u00f3n Abierta 13 Villa de Etla del Colegio de Bachilleres del Estado de Oaxaca (Cobao).<\/p>\n\n\n\n<p>Su sue\u00f1o es estudiar la carrera de derecho para ayudar a las personas que se encuentran privadas de su libertad injustamente.<\/p>\n\n\n\n<p>Su paso por el Cobao 13 Villa de Etla fue una etapa que recuerda con emoci\u00f3n, asegura que sus asesores en todo momento le brindaron el apoyo y los conocimientos que necesit\u00f3 para concluir satisfactoriamente su bachillerato.<\/p>\n\n\n\n<p>La egresada mencion\u00f3 que se volvi\u00f3 un ejemplo de superaci\u00f3n para sus cuatro hijos.<\/p>\n\n\n\n<p>\u201cDesafortunadamente tengo una enfermedad presente, pero vamos a salir adelante, quisiera que muchos pensaran igual, que la escuela es lo principal para superarse\u201d coment\u00f3 la se\u00f1ora Gabriela.<\/p>\n\n\n\n<p>En dos a\u00f1os y cuatro meses, la se\u00f1ora Gabriela logr\u00f3 concluir el bachillerato en el Cobao, dijo que con disciplina y esfuerzo es posible. \u201cHubo momentos en los que dije ya no puedo, pero los maestros son excelentes, nos apoyaron en cualquier duda y as\u00ed pude concluir\u201d.<\/p>\n\n\n\n<p>Las y los interesados en el Sistema de Educaci\u00f3n Abierta del Cobao pueden escribir al correo:&nbsp;coord.sea@cobao.edu.mx para tener mayor informaci\u00f3n.<\/p>\n","protected":false},"excerpt":{"rendered":"<p>Redacci\u00f3n\/Zona Roja. Oaxaca de Ju\u00e1rez, Oax., a 17 de noviembre de 2022.- A sus 47&hellip;<\/p>\n","protected":false},"author":2,"featured_media":48112,"comment_status":"closed","ping_status":"open","sticky":false,"template":"","format":"standard","meta":{"_lmt_disableupdate":"","_lmt_disable":"","_jetpack_memberships_contains_paid_content":false,"footnotes":""},"categories":[109,46],"tags":[2883],"class_list":["post-48111","post","type-post","status-publish","format-standard","has-post-thumbnail","hentry","category-minuto-a-minuto","category-zona-blanca","tag-colegio-de-bachilleres-de-oaxaca-cobao"],"jetpack_featured_media_url":"https:\/\/zonaroja.com.mx\/wp-content\/uploads\/2022\/11\/Gabriela-Urdiana-Cobao.jpg","jetpack_sharing_enabled":true,"_links":{"self":[{"href":"https:\/\/zonaroja.com.mx\/index.php?rest_route=\/wp\/v2\/posts\/48111","targetHints":{"allow":["GET"]}}],"collection":[{"href":"https:\/\/zonaroja.com.mx\/index.php?rest_route=\/wp\/v2\/posts"}],"about":[{"href":"https:\/\/zonaroja.com.mx\/index.php?rest_route=\/wp\/v2\/types\/post"}],"author":[{"embeddable":true,"href":"https:\/\/zonaroja.com.mx\/index.php?rest_route=\/wp\/v2\/users\/2"}],"replies":[{"embeddable":true,"href":"https:\/\/zonaroja.com.mx\/index.php?rest_route=%2Fwp%2Fv2%2Fcomments&post=48111"}],"version-history":[{"count":1,"href":"https:\/\/zonaroja.com.mx\/index.php?rest_route=\/wp\/v2\/posts\/48111\/revisions"}],"predecessor-version":[{"id":48113,"href":"https:\/\/zonaroja.com.mx\/index.php?rest_route=\/wp\/v2\/posts\/48111\/revisions\/48113"}],"wp:featuredmedia":[{"embeddable":true,"href":"https:\/\/zonaroja.com.mx\/index.php?rest_route=\/wp\/v2\/media\/48112"}],"wp:attachment":[{"href":"https:\/\/zonaroja.com.mx\/index.php?rest_route=%2Fwp%2Fv2%2Fmedia&parent=48111"}],"wp:term":[{"taxonomy":"category","embeddable":true,"href":"https:\/\/zonaroja.com.mx\/index.php?rest_route=%2Fwp%2Fv2%2Fcategories&post=48111"},{"taxonomy":"post_tag","embeddable":true,"href":"https:\/\/zonaroja.com.mx\/index.php?rest_route=%2Fwp%2Fv2%2Ftags&post=48111"}],"curies":[{"name":"wp","href":"https:\/\/api.w.org\/{rel}","templated":true}]}}