{"id":48114,"date":"2022-11-17T09:09:00","date_gmt":"2022-11-17T15:09:00","guid":{"rendered":"http:\/\/www.zonaroja.com.mx\/?p=48114"},"modified":"2022-11-17T07:22:47","modified_gmt":"2022-11-17T13:22:47","slug":"sale-a-las-calles-amlo-desde-hace-cuando-no-marchaba","status":"publish","type":"post","link":"https:\/\/zonaroja.com.mx\/?p=48114","title":{"rendered":"Sale a las calles AMLO; \u00bfdesde hace cu\u00e1ndo no marchaba?"},"content":{"rendered":"\n<p>Redacci\u00f3n\/Zona Roja Cdmx.<\/p>\n\n\n\n<p>Ciudad de M\u00e9xico, a 17 de noviembre de 2022.- Despu\u00e9s de seis a\u00f1os de no hacerlo, Andr\u00e9s Manuel L\u00f3pez Obrador saldr\u00e1 a marchar a las calles, ahora como Presidente de M\u00e9xico, acci\u00f3n que no realiza desde junio de 2016 cuando encabez\u00f3 la llamada \u2018Marcha del Silencio por la Defensa de los Maestros de M\u00e9xico\u2019.<\/p>\n\n\n\n<p>Este mi\u00e9rcoles, el mandatario adelant\u00f3 que liderar\u00e1 una marcha que saldr\u00e1 del \u00c1ngel de la Independencia con direcci\u00f3n al Z\u00f3calo, al termino de la cual dar\u00e1 su nuevo informe por el cuarto aniversario de asumir el cargo. Todo esto ocurrir\u00e1 el pr\u00f3ximo 27 de noviembre.<\/p>\n\n\n\n<p>\u201cEmpec\u00e9 a recoger opiniones y como lo nuestro tiene que ver con&nbsp;el mandar obedeciendo, la gente quiere que marchemos el 27, un domingo\u201d, dijo el titular del Ejecutivo.<\/p>\n\n\n\n<p>Y si bien L\u00f3pez Obrador descart\u00f3 que su salida a las calles \u201csea para mostrar m\u00fasculo\u201d, es de llamar la atenci\u00f3n que esta marcha ocurrir\u00e1 despu\u00e9s de la hecha por organizaciones de la sociedad civil en defensa del Instituto Nacional Electoral contra la reforma promovida por el presidente.<\/p>\n\n\n\n<p>El 26 de junio de 2016. L\u00f3pez Obrador, entonces dirigente nacional de Morena, encabez\u00f3 la citada marcha del \u00c1ngel de la Independencia a la Glorieta de Col\u00f3n.<\/p>\n\n\n\n<p>Estuvo acompa\u00f1ado de Bertha Luj\u00e1n, entonces presidenta del Consejo Nacional de Morena, y quien es madre de la hoy secretaria del Trabajo, Luisa Mar\u00eda Alcalde, adem\u00e1s de Yeidckol Polevnsky, quien se desempe\u00f1aba como secretaria general de Morena.<\/p>\n\n\n\n<p>Mart\u00ed Batres, quien era presidente de Morena en la Ciudad de M\u00e9xico, y hoy es secretario de Gobierno de la administraci\u00f3n de Claudia Sheinbaum, tambi\u00e9n estuvo presente.<\/p>\n\n\n\n<p>Otra de las marchas previas de L\u00f3pez Obrador fue la marcha-mitin en defensa del petr\u00f3leo ante la aprobaci\u00f3n de la reforma energ\u00e9tica promovida por el entonces presidente Enrique Pe\u00f1a Nieto.<\/p>\n\n\n\n<p>Esta se realiz\u00f3 el 22 de septiembre de 2013 y en ella estuvo acompa\u00f1ado de la escritora Beatriz Guti\u00e9rrez M\u00fcller, sus hijos Jos\u00e9 Ram\u00f3n, Andr\u00e9s, Gonzalo y el peque\u00f1o Jes\u00fas Ernesto. A su lado iban la escritora Laura Esquivel y el exdiputado Porfirio Mu\u00f1oz Ledo.<\/p>\n\n\n\n<p>Ad\u00e1n Augusto L\u00f3pez, secretario de Gobernaci\u00f3n; Manuel Bartlett, director general de la Comisi\u00f3n Federal de Electricidad; C\u00e9sar Y\u00e1\u00f1ez, subsecretario de Gobernaci\u00f3n son otros de los actuales funcionarios que en ese entonces le acompa\u00f1aron.<\/p>\n\n\n\n<p>(Informaci\u00f3n de \u201cEl Financiero\u201d)<\/p>\n","protected":false},"excerpt":{"rendered":"<p>Redacci\u00f3n\/Zona Roja Cdmx. Ciudad de M\u00e9xico, a 17 de noviembre de 2022.- Despu\u00e9s de seis&hellip;<\/p>\n","protected":false},"author":2,"featured_media":48115,"comment_status":"closed","ping_status":"open","sticky":false,"template":"","format":"standard","meta":{"_lmt_disableupdate":"","_lmt_disable":"","_jetpack_memberships_contains_paid_content":false,"footnotes":""},"categories":[109,46],"tags":[143],"class_list":["post-48114","post","type-post","status-publish","format-standard","has-post-thumbnail","hentry","category-minuto-a-minuto","category-zona-blanca","tag-andres-manuel-lopez-obrador"],"jetpack_featured_media_url":"https:\/\/zonaroja.com.mx\/wp-content\/uploads\/2022\/11\/Andres-Manuel-Lopez-Obrador-marcha.jpeg","jetpack_sharing_enabled":true,"_links":{"self":[{"href":"https:\/\/zonaroja.com.mx\/index.php?rest_route=\/wp\/v2\/posts\/48114","targetHints":{"allow":["GET"]}}],"collection":[{"href":"https:\/\/zonaroja.com.mx\/index.php?rest_route=\/wp\/v2\/posts"}],"about":[{"href":"https:\/\/zonaroja.com.mx\/index.php?rest_route=\/wp\/v2\/types\/post"}],"author":[{"embeddable":true,"href":"https:\/\/zonaroja.com.mx\/index.php?rest_route=\/wp\/v2\/users\/2"}],"replies":[{"embeddable":true,"href":"https:\/\/zonaroja.com.mx\/index.php?rest_route=%2Fwp%2Fv2%2Fcomments&post=48114"}],"version-history":[{"count":1,"href":"https:\/\/zonaroja.com.mx\/index.php?rest_route=\/wp\/v2\/posts\/48114\/revisions"}],"predecessor-version":[{"id":48116,"href":"https:\/\/zonaroja.com.mx\/index.php?rest_route=\/wp\/v2\/posts\/48114\/revisions\/48116"}],"wp:featuredmedia":[{"embeddable":true,"href":"https:\/\/zonaroja.com.mx\/index.php?rest_route=\/wp\/v2\/media\/48115"}],"wp:attachment":[{"href":"https:\/\/zonaroja.com.mx\/index.php?rest_route=%2Fwp%2Fv2%2Fmedia&parent=48114"}],"wp:term":[{"taxonomy":"category","embeddable":true,"href":"https:\/\/zonaroja.com.mx\/index.php?rest_route=%2Fwp%2Fv2%2Fcategories&post=48114"},{"taxonomy":"post_tag","embeddable":true,"href":"https:\/\/zonaroja.com.mx\/index.php?rest_route=%2Fwp%2Fv2%2Ftags&post=48114"}],"curies":[{"name":"wp","href":"https:\/\/api.w.org\/{rel}","templated":true}]}}