{"id":48123,"date":"2022-11-17T10:08:00","date_gmt":"2022-11-17T16:08:00","guid":{"rendered":"http:\/\/www.zonaroja.com.mx\/?p=48123"},"modified":"2022-11-17T08:24:50","modified_gmt":"2022-11-17T14:24:50","slug":"rechaza-prd-integracion-de-mesa-directiva-en-congreso-impugnara","status":"publish","type":"post","link":"https:\/\/zonaroja.com.mx\/?p=48123","title":{"rendered":"Rechaza PRD integraci\u00f3n de Mesa Directiva en Congreso; impugnar\u00e1"},"content":{"rendered":"\n<p>Ismael Garc\u00eda M.\/Zona Roja.<\/p>\n\n\n\n<p>Oaxaca de Ju\u00e1rez, Oax., a 17 de noviembre de 2022.- Integrantes de la fracci\u00f3n parlamentaria del Partido de la Revoluci\u00f3n Democr\u00e1tica (PRD) en el Congreso del Estado de Oaxaca rechazaron la imposici\u00f3n de Morena para integrar la Mesa Directiva de la 65 Legislatura, para el segundo a\u00f1o de ejercicio.<\/p>\n\n\n\n<p>Ayer en la sesi\u00f3n ordinaria, la diputada Minerva L\u00f3pez Calder\u00f3n \u2014que habl\u00f3 en su lengua materna\u2014 e Ysabel Molina Herrera \u2014quien ley\u00f3 el texto y ayer fue presentada como nueva coordinadora de la bancada\u2014 dio un posicionamiento, respecto al nombramiento de M\u00edriam de los \u00c1ngeles V\u00e1squez Ruiz, del PT:<\/p>\n\n\n\n<p>\u201cLa \u2018primavera oaxaque\u00f1a\u2019 inicia su ciclo violando mis derechos porque soy mujer ind\u00edgena y fui electa por la gente que vot\u00f3 por el PRD en Pinotepa Nacional\u201d, fue el texto de L\u00f3pez Calder\u00f3n.<\/p>\n\n\n\n<p>\u201cMi elecci\u00f3n, representa una oportunidad para todas las mujeres que deseen participar en la vida democr\u00e1tica de nuestro estado.<\/p>\n\n\n\n<p>\u201cDesde el PRD peleo por igualdad y equidad, para que la mujer ind\u00edgena tenga presencia en la pol\u00edtica, pero hoy, la violencia pol\u00edtica, contin\u00faa siendo uno de mis principales obst\u00e1culos para el ejercicio de mis derechos\u201d.<\/p>\n\n\n\n<p>Destac\u00f3 que el d\u00eda 11 de noviembre pasado, sus compa\u00f1eros le propusieron para que presidiera la mesa directiva del Congreso del Estado por el segundo a\u00f1o legislativo.<\/p>\n\n\n\n<p>\u201cSin embargo, el gobernador electo (Salom\u00f3n Jara Cruz) y el coordinador de Morena (Luis Alfonso Silva Romo), decidieron violar mis derechos y no me dejaron presidir la mesa directiva por ser ind\u00edgena, coste\u00f1a y militar en el PRD.<\/p>\n\n\n\n<p>\u201cExhibieron su inexperiencia para gobernar, falta de inteligencia para construir acuerdos dentro de la Junta de Coodinaci\u00f3n Pol\u00edtica, e ignorar el proceso legislativo al no realizar la elecci\u00f3n y designaci\u00f3n de la Presidencia de la Mesa conforme a la ley\u201d.<\/p>\n\n\n\n<p>\u201cLa soberbia y sentido de superioridad, hicieron que a pesar de los argumentos, consumaran la ilegalidad, con enga\u00f1os utilizaron a otra mujer sin derecho para designarla Presidenta\u201d.<\/p>\n\n\n\n<p>Ante ello, anunci\u00f3 que acudir\u00e1 a los tribunales correspondientes para impugnar la determinaci\u00f3n a favor de M\u00edriam de los \u00c1ngeles V\u00e1squez Ruiz, del Partido del Trabajo.<\/p>\n","protected":false},"excerpt":{"rendered":"<p>Ismael Garc\u00eda M.\/Zona Roja. Oaxaca de Ju\u00e1rez, Oax., a 17 de noviembre de 2022.- Integrantes&hellip;<\/p>\n","protected":false},"author":2,"featured_media":48124,"comment_status":"closed","ping_status":"open","sticky":false,"template":"","format":"standard","meta":{"_lmt_disableupdate":"","_lmt_disable":"","_jetpack_memberships_contains_paid_content":false,"footnotes":""},"categories":[109,47],"tags":[2743],"class_list":["post-48123","post","type-post","status-publish","format-standard","has-post-thumbnail","hentry","category-minuto-a-minuto","category-zona-gris","tag-65-legislatura-del-estado-de-oaxaca"],"jetpack_featured_media_url":"https:\/\/zonaroja.com.mx\/wp-content\/uploads\/2022\/11\/Rinde-protesta-Ysabel-Molina-Herrera.jpeg","jetpack_sharing_enabled":true,"_links":{"self":[{"href":"https:\/\/zonaroja.com.mx\/index.php?rest_route=\/wp\/v2\/posts\/48123","targetHints":{"allow":["GET"]}}],"collection":[{"href":"https:\/\/zonaroja.com.mx\/index.php?rest_route=\/wp\/v2\/posts"}],"about":[{"href":"https:\/\/zonaroja.com.mx\/index.php?rest_route=\/wp\/v2\/types\/post"}],"author":[{"embeddable":true,"href":"https:\/\/zonaroja.com.mx\/index.php?rest_route=\/wp\/v2\/users\/2"}],"replies":[{"embeddable":true,"href":"https:\/\/zonaroja.com.mx\/index.php?rest_route=%2Fwp%2Fv2%2Fcomments&post=48123"}],"version-history":[{"count":1,"href":"https:\/\/zonaroja.com.mx\/index.php?rest_route=\/wp\/v2\/posts\/48123\/revisions"}],"predecessor-version":[{"id":48125,"href":"https:\/\/zonaroja.com.mx\/index.php?rest_route=\/wp\/v2\/posts\/48123\/revisions\/48125"}],"wp:featuredmedia":[{"embeddable":true,"href":"https:\/\/zonaroja.com.mx\/index.php?rest_route=\/wp\/v2\/media\/48124"}],"wp:attachment":[{"href":"https:\/\/zonaroja.com.mx\/index.php?rest_route=%2Fwp%2Fv2%2Fmedia&parent=48123"}],"wp:term":[{"taxonomy":"category","embeddable":true,"href":"https:\/\/zonaroja.com.mx\/index.php?rest_route=%2Fwp%2Fv2%2Fcategories&post=48123"},{"taxonomy":"post_tag","embeddable":true,"href":"https:\/\/zonaroja.com.mx\/index.php?rest_route=%2Fwp%2Fv2%2Ftags&post=48123"}],"curies":[{"name":"wp","href":"https:\/\/api.w.org\/{rel}","templated":true}]}}