{"id":48126,"date":"2022-11-17T16:16:24","date_gmt":"2022-11-17T22:16:24","guid":{"rendered":"http:\/\/www.zonaroja.com.mx\/?p=48126"},"modified":"2022-11-17T16:16:26","modified_gmt":"2022-11-17T22:16:26","slug":"atentado-mueren-cinco-en-helicopterazo-incluyendo-secretario-de-seguridad","status":"publish","type":"post","link":"https:\/\/zonaroja.com.mx\/?p=48126","title":{"rendered":"\u00bfAtentado? Mueren cinco en \u201chelicopterazo\u00bb, incluyendo secretario de Seguridad"},"content":{"rendered":"\n<p>Redacci\u00f3n\/Zona Roja.<\/p>\n\n\n\n<p>Oaxaca de Ju\u00e1rez, Oax., a 17 de octubre de 2022.- La ma\u00f1ana de este jueves un helic\u00f3ptero, donde se transportaba el secretario de Seguridad P\u00fablica de Aguascalientes, Porfirio S\u00e1nchez, junto con otras cuatro personas, se desplom\u00f3 en el municipio de Jes\u00fas Mar\u00eda.<\/p>\n\n\n\n<p>De acuerdo con los primeros reportes sobre lo ocurrrido, no hay sobrevivientes por el desplome de la aeronave, que se incendi\u00f3 al momento de tocar tierra.<\/p>\n\n\n\n<p>A los habitantes de la zona lo sorprendi\u00f3 un fuerte estruendo, seg\u00fan informaron, por lo que captaron las im\u00e1genes del lugar donde se registr\u00f3 el accidente que cobr\u00f3 la vida de los tres tripulantes de la aeronave.<\/p>\n\n\n\n<p>El motivo del sobrevuelo a bordo del helic\u00f3ptero se deb\u00eda a un recorrido habitual por la zona, aunque no se ha confirmado la causa del accidente, es decir, si fue una falla mec\u00e1nica o se trat\u00f3 de un ataque de miembros de la delincuencia.<\/p>\n\n\n\n<p>Seg\u00fan el gobierno de Aguascalientes, todo estaba en regla con el helic\u00f3ptero y cada seis meses se le hac\u00eda mantenimiento.&nbsp;<\/p>\n\n\n\n<p>El m\u00e1s reciente le toc\u00f3 en septiembre, por lo que dijo que lo ocurrido hoy se tratar\u00eda de un accidente, pero esperar\u00e1n a las investigaciones y peritajes a cargo de la Fiscal\u00eda de Aguascalientes y de la Agencia de Aeron\u00e1utica Civil para saber con certeza a qu\u00e9 se debi\u00f3 que el helic\u00f3ptero se precipitara.<\/p>\n\n\n\n<p>El piloto Olegario Andrade Zamorano hizo maniobras para evitar que el helic\u00f3ptero cayera en una zona poblada, por lo que dirigi\u00f3 la aeronave hacia un lote bald\u00edo, donde finalmente se precipit\u00f3 y a los minutos se incendi\u00f3 sin que ning\u00fan tripulante sobreviviera.<\/p>\n","protected":false},"excerpt":{"rendered":"<p>Redacci\u00f3n\/Zona Roja. Oaxaca de Ju\u00e1rez, Oax., a 17 de octubre de 2022.- La ma\u00f1ana de&hellip;<\/p>\n","protected":false},"author":2,"featured_media":48127,"comment_status":"closed","ping_status":"open","sticky":false,"template":"","format":"standard","meta":{"_lmt_disableupdate":"","_lmt_disable":"","_jetpack_memberships_contains_paid_content":false,"footnotes":""},"categories":[109,47],"tags":[],"class_list":["post-48126","post","type-post","status-publish","format-standard","has-post-thumbnail","hentry","category-minuto-a-minuto","category-zona-gris"],"jetpack_featured_media_url":"https:\/\/zonaroja.com.mx\/wp-content\/uploads\/2022\/11\/Helicoptero-Aguascalientes.jpeg","jetpack_sharing_enabled":true,"_links":{"self":[{"href":"https:\/\/zonaroja.com.mx\/index.php?rest_route=\/wp\/v2\/posts\/48126","targetHints":{"allow":["GET"]}}],"collection":[{"href":"https:\/\/zonaroja.com.mx\/index.php?rest_route=\/wp\/v2\/posts"}],"about":[{"href":"https:\/\/zonaroja.com.mx\/index.php?rest_route=\/wp\/v2\/types\/post"}],"author":[{"embeddable":true,"href":"https:\/\/zonaroja.com.mx\/index.php?rest_route=\/wp\/v2\/users\/2"}],"replies":[{"embeddable":true,"href":"https:\/\/zonaroja.com.mx\/index.php?rest_route=%2Fwp%2Fv2%2Fcomments&post=48126"}],"version-history":[{"count":1,"href":"https:\/\/zonaroja.com.mx\/index.php?rest_route=\/wp\/v2\/posts\/48126\/revisions"}],"predecessor-version":[{"id":48128,"href":"https:\/\/zonaroja.com.mx\/index.php?rest_route=\/wp\/v2\/posts\/48126\/revisions\/48128"}],"wp:featuredmedia":[{"embeddable":true,"href":"https:\/\/zonaroja.com.mx\/index.php?rest_route=\/wp\/v2\/media\/48127"}],"wp:attachment":[{"href":"https:\/\/zonaroja.com.mx\/index.php?rest_route=%2Fwp%2Fv2%2Fmedia&parent=48126"}],"wp:term":[{"taxonomy":"category","embeddable":true,"href":"https:\/\/zonaroja.com.mx\/index.php?rest_route=%2Fwp%2Fv2%2Fcategories&post=48126"},{"taxonomy":"post_tag","embeddable":true,"href":"https:\/\/zonaroja.com.mx\/index.php?rest_route=%2Fwp%2Fv2%2Ftags&post=48126"}],"curies":[{"name":"wp","href":"https:\/\/api.w.org\/{rel}","templated":true}]}}