{"id":48129,"date":"2022-11-17T16:25:23","date_gmt":"2022-11-17T22:25:23","guid":{"rendered":"http:\/\/www.zonaroja.com.mx\/?p=48129"},"modified":"2022-11-17T16:25:25","modified_gmt":"2022-11-17T22:25:25","slug":"bloqueo-con-bolsas-de-basura-formula-para-obligar-a-martinez-neri-a-retirar-desechos","status":"publish","type":"post","link":"https:\/\/zonaroja.com.mx\/?p=48129","title":{"rendered":"Bloqueo con bolsas de basura, f\u00f3rmula para obligar a Mart\u00ednez Neri a retirar desechos&nbsp;"},"content":{"rendered":"\n<p>Yuridiana Sosa\/Zona Roja.<\/p>\n\n\n\n<p>Oaxaca de Ju\u00e1rez,Oax., 17 de noviembre de 2022.- Estall\u00f3 la en\u00e9sima protesta ciudadana en la capital de Oaxaca contra la lenta soluci\u00f3n a la falta de recolecci\u00f3n de basura.<\/p>\n\n\n\n<p>Desde el cierre definitivo del tiradero municipal el 8 de octubre, diferentes colonias se han organizado para manifestarse con tiraderos de basura y exigir al ayuntamiento que encabeza Francisco Mart\u00ednez Neri ponga fin a la crisis.<\/p>\n\n\n\n<p>En el cuarto d\u00eda continuo de este tipo de manifestaciones, la ma\u00f1ana de este jueves vecinos de la agencia de Candiani sacaron a la calle sus desechos, creando un basurero p\u00fablico a un costado de un centro comercial de la Plaza del Valle.<\/p>\n\n\n\n<p>Tras varias semanas de esperar&nbsp;a que el cami\u00f3n cumpliera con su ruta, como lo prometi\u00f3 la autoridad, los habitantes depositaron su basura sobre la calle Vicente Guerrero y privada de Vicente Guerrero, principal v\u00eda de acceso al asentamiento.<\/p>\n\n\n\n<p>De manera ordenada, formados, los vecinos comenzaron el acumulamiento de desechos cerca de la plaza comercial, donde s\u00ed aplican el servicio de recolecci\u00f3n, manifestaron los afectados.<\/p>\n\n\n\n<p>En minutos, la cantidad de basura \u2014sin aplicar la debida\u00a0 separaci\u00f3n de residuos\u2014 acumulada y resguardada hasta hoy en sus casas formaron mont\u00edculos de desechos, los cuales m\u00e1s tarde fueron levantados por el servicio de recolecci\u00f3n del ayuntamiento capitalino.<\/p>\n\n\n\n<figure class=\"wp-block-embed is-type-rich is-provider-twitter wp-block-embed-twitter\"><div class=\"wp-block-embed__wrapper\">\n<div class=\"twitter-tweet\"><blockquote class=\"twitter-tweet\" data-lang=\"es\"><p lang=\"es\" dir=\"ltr\"><a href=\"https:\/\/twitter.com\/hashtag\/ENVIVO?src=hash&amp;ref_src=twsrc%5Etfw\">#ENVIVO<\/a><br>De nueva cuenta vecinos de la ciudad de Oaxaca obligan al edil Francisco Mart\u00ednez Neri a recoger la basura. <br>Ahora son vecinos de la agencia Candiani, que amontonaron desechos junto al centro comercial Plaza Oaxaca.<br><br>Transmisi\u00f3n \ud83d\udc47<a href=\"https:\/\/t.co\/Je0luqAoJc\">https:\/\/t.co\/Je0luqAoJc<\/a> <a href=\"https:\/\/t.co\/CGyOFr7ES8\">pic.twitter.com\/CGyOFr7ES8<\/a><\/p>&mdash; Zona Roja Oaxaca (@ZonaRoja_Oaxaca) <a href=\"https:\/\/twitter.com\/ZonaRoja_Oaxaca\/status\/1593280413648228359?ref_src=twsrc%5Etfw\">17 de noviembre de 2022<\/a><\/blockquote><\/div>\n<\/div><\/figure>\n\n\n\n<p>PROTESTAS CON BASURA<\/p>\n\n\n\n<p>En el transcurso de esta semana tres zonas habitacionales se han manifestado por la crisis de la basura al ser un problema insostenible desde sus hogares.<\/p>\n\n\n\n<p>La colonia Volcanes, al norte de la capital, se manifest\u00f3 por dos d\u00edas \u2014este 15 y 16 de noviembre\u2014 con bloqueo de calles con basura para evitar el paso de vecinos de otras zonas a dejar sus desechos en sus calles y exigir a la autoridad cumplir con el servicio de recolecci\u00f3n.<\/p>\n\n\n\n<p>El lunes y mi\u00e9rcoles tambi\u00e9n se manifestaron habitantes del fraccionamiento Valle Esmeralda y colonias de Cinco Se\u00f1ores por la contaminaci\u00f3n y focos de infecciones que est\u00e1 provocando el uso del predio en riberas del r\u00edo \u201cSalado\u201d como basurero \u201cprovisional\u201d, colindante a su zona habitacional.<\/p>\n\n\n\n<p>Tambi\u00e9n lo hicieron, en octubre, vecinos&nbsp;del&nbsp;Infonavit&nbsp;Primero&nbsp;de&nbsp;Mayo, quienes instalaron bloqueos con basura en su unidad, tras lo cual el ayuntamiento comenz\u00f3 a recoger la basura&nbsp;en&nbsp;el lugar&nbsp;en&nbsp;camionetas.<\/p>\n\n\n\n<p>Habitantes de la calle Art\u00edculo 123, que colinda con la calle de Galeana en inmediaciones del Perif\u00e9rico y la Central de Abasto, igualmente han expresado su inconformidad por los montones de basura que se generan en esos puntos y los cuales perduran.<\/p>\n\n\n\n<p>A la lista de protestas similares se suma la realizada hasta por los trabajadores del ayuntamiento, del \u00e1rea de recolecci\u00f3n de basura. Los adheridos al Sindicato \u201c3 de Marzo\u201d realizaron un paro de tres d\u00edas -que inici\u00f3 el 4 de noviembre- y depositaron basura en el z\u00f3calo y Alameda de Le\u00f3n para exigir un nuevo espacio para depositar los desechos que levantan.<\/p>\n\n\n\n<p>Esa protesta oblig\u00f3 a la autoridad municipal a buscar de forma emergente, sin cumplir los lineamientos correspondientes- &nbsp;un terreno particular en otro municipio para dar fin a la protesta.&nbsp;<\/p>\n","protected":false},"excerpt":{"rendered":"<p>Yuridiana Sosa\/Zona Roja. Oaxaca de Ju\u00e1rez,Oax., 17 de noviembre de 2022.- Estall\u00f3 la en\u00e9sima protesta&hellip;<\/p>\n","protected":false},"author":2,"featured_media":48130,"comment_status":"closed","ping_status":"open","sticky":false,"template":"","format":"standard","meta":{"_lmt_disableupdate":"","_lmt_disable":"","_jetpack_memberships_contains_paid_content":false,"footnotes":""},"categories":[109,47],"tags":[148],"class_list":["post-48129","post","type-post","status-publish","format-standard","has-post-thumbnail","hentry","category-minuto-a-minuto","category-zona-gris","tag-oaxaca-de-juarez"],"jetpack_featured_media_url":"https:\/\/zonaroja.com.mx\/wp-content\/uploads\/2022\/11\/Basura-agencia-Candiani-ciudad-de-Oaxaca.jpg","jetpack_sharing_enabled":true,"_links":{"self":[{"href":"https:\/\/zonaroja.com.mx\/index.php?rest_route=\/wp\/v2\/posts\/48129","targetHints":{"allow":["GET"]}}],"collection":[{"href":"https:\/\/zonaroja.com.mx\/index.php?rest_route=\/wp\/v2\/posts"}],"about":[{"href":"https:\/\/zonaroja.com.mx\/index.php?rest_route=\/wp\/v2\/types\/post"}],"author":[{"embeddable":true,"href":"https:\/\/zonaroja.com.mx\/index.php?rest_route=\/wp\/v2\/users\/2"}],"replies":[{"embeddable":true,"href":"https:\/\/zonaroja.com.mx\/index.php?rest_route=%2Fwp%2Fv2%2Fcomments&post=48129"}],"version-history":[{"count":1,"href":"https:\/\/zonaroja.com.mx\/index.php?rest_route=\/wp\/v2\/posts\/48129\/revisions"}],"predecessor-version":[{"id":48131,"href":"https:\/\/zonaroja.com.mx\/index.php?rest_route=\/wp\/v2\/posts\/48129\/revisions\/48131"}],"wp:featuredmedia":[{"embeddable":true,"href":"https:\/\/zonaroja.com.mx\/index.php?rest_route=\/wp\/v2\/media\/48130"}],"wp:attachment":[{"href":"https:\/\/zonaroja.com.mx\/index.php?rest_route=%2Fwp%2Fv2%2Fmedia&parent=48129"}],"wp:term":[{"taxonomy":"category","embeddable":true,"href":"https:\/\/zonaroja.com.mx\/index.php?rest_route=%2Fwp%2Fv2%2Fcategories&post=48129"},{"taxonomy":"post_tag","embeddable":true,"href":"https:\/\/zonaroja.com.mx\/index.php?rest_route=%2Fwp%2Fv2%2Ftags&post=48129"}],"curies":[{"name":"wp","href":"https:\/\/api.w.org\/{rel}","templated":true}]}}