{"id":4813,"date":"2019-10-14T08:50:11","date_gmt":"2019-10-14T13:50:11","guid":{"rendered":"http:\/\/www.zonaroja.com.mx\/?p=4813"},"modified":"2019-10-14T08:50:22","modified_gmt":"2019-10-14T13:50:22","slug":"el-oaxaqueno-de-60-anos-de-edad-que-correra-por-24-horas-en-francia","status":"publish","type":"post","link":"https:\/\/zonaroja.com.mx\/?p=4813","title":{"rendered":"El oaxaque\u00f1o de 60 a\u00f1os de edad que correr\u00e1 por 24 horas en Francia"},"content":{"rendered":"\n<p>Evlin Arag\u00f3n\/Zona Roja.<\/p>\n\n\n\n<p>Oaxaca de Ju\u00e1rez, Oax., 14 de octubre\nde 2019.- A sus 60 a\u00f1os de edad y con 40 a\u00f1os de experiencia como corredor\nnacional e internacional, el oaxaque\u00f1o Octaviano Robles Cruz correr\u00e1 por 24\nhoras en Francia.<\/p>\n\n\n\n<p>Su nueva meta es terminar en los\nprimeros sitios de su categor\u00eda en la competencia mundial que se realizar\u00e1 en Albi,\nFrancia, del 25 y 26 de octubre pr\u00f3ximo.<\/p>\n\n\n\n<p>Originario del barrio de Jalatlaco de\nla capital y con 20 a\u00f1os de servicio en la Polic\u00eda Auxiliar, Bancaria,\nIndustrial y Comercial (PABIC), Octaviano ha dedicado su vida a correr, toda\nvez que es una actividad que le apasiona y que lo ha llevado a recorrer\ninfinidad de maratones y rutas en el estado y pa\u00eds.<\/p>\n\n\n\n<p>Sus primeros pasos como atleta fueron\nprecisamente en las carreras que se organizaban hace 40 a\u00f1os en los barrios de\nla ciudad de Oaxaca.<\/p>\n\n\n\n<p>As\u00ed recuerda con agrado las organizadas en Santa Mar\u00eda Ixcotel, Los Siete Pr\u00edncipes, El Baj\u00edo, entre otras, donde inici\u00f3 su gusto por este deporte sin imaginar que competir\u00eda a nivel nacional e internacional.\u00a0 <\/p>\n\n\n\n<figure class=\"wp-block-embed-twitter wp-block-embed is-type-rich is-provider-twitter\"><div class=\"wp-block-embed__wrapper\">\n<div class=\"twitter-tweet\"><blockquote class=\"twitter-tweet\" data-lang=\"es\"><p lang=\"es\" dir=\"ltr\"><a href=\"https:\/\/twitter.com\/hashtag\/OaxacaRosa?src=hash&amp;ref_src=twsrc%5Etfw\">#OaxacaRosa<\/a><a href=\"https:\/\/twitter.com\/hashtag\/HechoEnOaxaca?src=hash&amp;ref_src=twsrc%5Etfw\">#HechoEnOaxaca<\/a><br>Conozca la historia del ultramaratonista oaxaque\u00f1o Octaviano Robles Cruz. A sus 60 a\u00f1os de edad, \u00a1correr\u00e1 por 24 horas en Francia! \u00a1Apoy\u00e9moslo!<a href=\"https:\/\/twitter.com\/apooax40?ref_src=twsrc%5Etfw\">@apooax40<\/a> <a href=\"https:\/\/twitter.com\/Gsumano2?ref_src=twsrc%5Etfw\">@Gsumano2<\/a> <a href=\"https:\/\/twitter.com\/blaslc?ref_src=twsrc%5Etfw\">@blaslc<\/a> <a href=\"https:\/\/t.co\/HJL05eJNxQ\">pic.twitter.com\/HJL05eJNxQ<\/a><\/p>&mdash; Zona Roja Oaxaca (@MexRoja) <a href=\"https:\/\/twitter.com\/MexRoja\/status\/1183084825495797762?ref_src=twsrc%5Etfw\">12 de octubre de 2019<\/a><\/blockquote><\/div>\n<\/div><\/figure>\n\n\n\n<p>Son 37 maratones y 60 ultramaratones los\nque ha recorrido en los \u00faltimos a\u00f1os, lo cual le ha permitido tener la\ncondici\u00f3n necesaria para enfrentar el reto de correr durante todo un d\u00eda de\nforma consecutiva, aunque asegura a veces le gustar\u00eda tener un poco m\u00e1s tiempo\npara reforzar su preparaci\u00f3n.<\/p>\n\n\n\n<p>\u201cNunca me imagin\u00e9 llegar a estas\ndistancias, triunfos en diferentes partes del pa\u00eds, he recorrido un sin n\u00famero\nde carreras, todo ha sido muy bello y gratificantes\u201d, indica al preguntarle\nsobre sus logros.&nbsp; <\/p>\n\n\n\n<p>El ultrafondista oaxaque\u00f1o asegura que\nen toda su carrera ha contado mayoritariamente con el apoyo de la iniciativa\nprivada, sin embargo, reconoce el apoyo de la PABIC, cuyo actual director le\notorg\u00f3 el permiso para ausentarse de sus actividades a fin de desempe\u00f1ar un\nbuen papel como seleccionado nacional.<\/p>\n\n\n\n<p>A la par que cuenta con el respaldo de\nlas autoridades del gobierno de Oaxaca a trav\u00e9s de la Secretaria de Seguridad\nP\u00fablica, que le facilitaron el recurso necesario para sus boletos de avi\u00f3n.<\/p>\n\n\n\n<p>\u201cPracticar cualquier deporte es\nbeneficio, yo les recomiendo que lo hagan porque no s\u00f3lo impacta en el cuerpo y\nla condici\u00f3n f\u00edsica, sino da como resultados tener ciudadanos de bien en\nbeneficio de toda la comunidad, por eso hay que ayudar a ni\u00f1as, ni\u00f1os y j\u00f3venes\nque quieran dedicarse a cualquier disciplina\u201d, dice como mensaje a la ni\u00f1ez y\njuventud.<\/p>\n\n\n\n<p>Aunque lamenta que ninguna de sus tres\nhijas haya heredado el gusto por la carrera, tiene la esperanza de que alguno\nde sus nietos pueda seguir sus pasos y encontrarle el gusto al deporte que m\u00e1s\nlo ha maravillado en cada uno de sus recorridos.<\/p>\n\n\n\n<p>Don Octaviano, tambi\u00e9n conocido como\n\u201cUltraman\u201d, asegura que va con todo a la competencia mundial, en la que espera\nhacer un buen papel y poner el nombre M\u00e9xico muy en alto.<\/p>\n","protected":false},"excerpt":{"rendered":"<p>Evlin Arag\u00f3n\/Zona Roja. Oaxaca de Ju\u00e1rez, Oax., 14 de octubre de 2019.- A sus 60&hellip;<\/p>\n","protected":false},"author":2,"featured_media":4814,"comment_status":"closed","ping_status":"open","sticky":false,"template":"","format":"standard","meta":{"_lmt_disableupdate":"","_lmt_disable":"","_jetpack_memberships_contains_paid_content":false,"footnotes":""},"categories":[109,46],"tags":[864],"class_list":["post-4813","post","type-post","status-publish","format-standard","has-post-thumbnail","hentry","category-minuto-a-minuto","category-zona-blanca","tag-octaviano-robles-cruz"],"jetpack_featured_media_url":"https:\/\/zonaroja.com.mx\/wp-content\/uploads\/2019\/10\/IMG_7264-1.jpg","jetpack_sharing_enabled":true,"_links":{"self":[{"href":"https:\/\/zonaroja.com.mx\/index.php?rest_route=\/wp\/v2\/posts\/4813","targetHints":{"allow":["GET"]}}],"collection":[{"href":"https:\/\/zonaroja.com.mx\/index.php?rest_route=\/wp\/v2\/posts"}],"about":[{"href":"https:\/\/zonaroja.com.mx\/index.php?rest_route=\/wp\/v2\/types\/post"}],"author":[{"embeddable":true,"href":"https:\/\/zonaroja.com.mx\/index.php?rest_route=\/wp\/v2\/users\/2"}],"replies":[{"embeddable":true,"href":"https:\/\/zonaroja.com.mx\/index.php?rest_route=%2Fwp%2Fv2%2Fcomments&post=4813"}],"version-history":[{"count":1,"href":"https:\/\/zonaroja.com.mx\/index.php?rest_route=\/wp\/v2\/posts\/4813\/revisions"}],"predecessor-version":[{"id":4815,"href":"https:\/\/zonaroja.com.mx\/index.php?rest_route=\/wp\/v2\/posts\/4813\/revisions\/4815"}],"wp:featuredmedia":[{"embeddable":true,"href":"https:\/\/zonaroja.com.mx\/index.php?rest_route=\/wp\/v2\/media\/4814"}],"wp:attachment":[{"href":"https:\/\/zonaroja.com.mx\/index.php?rest_route=%2Fwp%2Fv2%2Fmedia&parent=4813"}],"wp:term":[{"taxonomy":"category","embeddable":true,"href":"https:\/\/zonaroja.com.mx\/index.php?rest_route=%2Fwp%2Fv2%2Fcategories&post=4813"},{"taxonomy":"post_tag","embeddable":true,"href":"https:\/\/zonaroja.com.mx\/index.php?rest_route=%2Fwp%2Fv2%2Ftags&post=4813"}],"curies":[{"name":"wp","href":"https:\/\/api.w.org\/{rel}","templated":true}]}}