{"id":4816,"date":"2019-10-14T08:57:54","date_gmt":"2019-10-14T13:57:54","guid":{"rendered":"http:\/\/www.zonaroja.com.mx\/?p=4816"},"modified":"2019-10-14T08:57:57","modified_gmt":"2019-10-14T13:57:57","slug":"preven-que-amlo-firme-decreto-para-zona-acuifera-en-el-valle-de-ocotlan","status":"publish","type":"post","link":"https:\/\/zonaroja.com.mx\/?p=4816","title":{"rendered":"Prev\u00e9n que AMLO firme decreto para zona acu\u00edfera en el valle de Ocotl\u00e1n"},"content":{"rendered":"\n<p>Redacci\u00f3n\/Zona Roja<\/p>\n\n\n\n<p>Oaxaca de Ju\u00e1rez, Oax., 14 de octubre\nde 2019.- En lo que consideraron como un hecho hist\u00f3rico que abre nuevas v\u00edas\nde colaboraci\u00f3n entre el Estado mexicano y las comunidades ind\u00edgenas, la\nComisi\u00f3n Nacional del Agua (Conagua) y 16 comunidades agrupadas en la\nCoordinadora de Pueblos Unidos por el Cuidado y Defensa del Agua (Copuda)\nfirmaron un acuerdo tendiente a abrogar el decreto de veda del acu\u00edfero de\nValles Centrales.<\/p>\n\n\n\n<p>Con ello, se culminan las cuatro etapas\nfundamentales (Acuerdos Previos, Informativa, Deliberativa y Consultiva) y se\ntienen resultados concretos en este hist\u00f3rico proceso de negociaci\u00f3n de\nconsulta ind\u00edgena, libre, previo e informado. En un comunicado, la Conagua dio\na conocer que para ello, entre septiembre de 2015 y agosto de 2019 se\nrealizaron 32 asambleas informativas y 11 mesas de trabajo. Lo \u00fanico que falta\nde este proceso es la ejecuci\u00f3n y seguimiento de acuerdos, acciones\ncorrespondientes a la quinta etapa.<\/p>\n\n\n\n<p>Con el documento firmado el s\u00e1bado, se\nreconoce el derecho de las comunidades ind\u00edgenas a participar en la\nadministraci\u00f3n y preservaci\u00f3n de las aguas nacionales, para lo cual se armoniza\nlo establecido en la Constituci\u00f3n Pol\u00edtica de los Estados Unidos Mexicanos con\nel Convenio 169 de la Organizaci\u00f3n Internacional del Trabajo (OIT) y la Ley de\nAguas Nacionales.<\/p>\n\n\n\n<p>En el evento de firma del acuerdo\nefectuado en San Antonino Castillo Velasco, la directora General de la Conagua,\nBlanca Jim\u00e9nez Cisneros, afirm\u00f3 que \u201cse trata de un hecho hist\u00f3rico para esta\nComisi\u00f3n, porque las comunidades de la regi\u00f3n nos permitieron demostrar que el\nGobierno de M\u00e9xico est\u00e1 al servicio de la gente y que las leyes y reglamentos\ndeben asegurar los derechos de todos, especialmente de la poblaci\u00f3n m\u00e1s\ndesprotegida\u201d.<\/p>\n\n\n\n<p>Agreg\u00f3 que el Presidente Andr\u00e9s Manuel\nL\u00f3pez Obrador ha instruido a la Conagua a cambiar sus reglas de operaci\u00f3n para\nincluir el reconocimiento al trabajo comunitario. \u201cEl trabajo conjunto nos\npermite fortalecer a todas las comunidades, en especial las de la poblaci\u00f3n\nind\u00edgena\u201d, se\u00f1al\u00f3.<\/p>\n\n\n\n<p>El acuerdo firmado permitir\u00e1 la\ncolaboraci\u00f3n entre las comunidades ind\u00edgenas y la Conagua en la aplicaci\u00f3n de\nun reglamento comunitario para el uso de las aguas subterr\u00e1neas, as\u00ed como la\nemisi\u00f3n de una concesi\u00f3n colectiva cuyo titular ser\u00e1n las 16 comunidades que\nhan participado en este proceso de consulta.<\/p>\n\n\n\n<p>En seguimiento a lo firmado, se\npublicar\u00e1 en el Diario Oficial de la Federaci\u00f3n el Estudio T\u00e9cnico\nJustificativo del acu\u00edfero Valles Centrales, donde se recomendar\u00e1 abrogar las\nvedas existentes.<\/p>\n\n\n\n<p>Ello permitir\u00eda al titular del Poder\nEjecutivo federal emitir el Decreto de Zona Reglamentada del Acu\u00edfero Valles\nCentrales, que por primera vez en la historia incluir\u00e1 un apartado espec\u00edfico\npara la participaci\u00f3n de las Comunidades Ind\u00edgenas en la administraci\u00f3n y preservaci\u00f3n\nde las aguas nacionales subterr\u00e1neas.<\/p>\n\n\n\n<p>En este proceso, ha sido fundamental el\napoyo del Instituto Nacional de los Pueblos Ind\u00edgenas (INPI), y de su Director\nGeneral, Adelfo Regino Montes, cuyo acompa\u00f1amiento ha permitido atender las\ndemandas de las 16 comunidades participantes, fortaleciendo el ejercicio pleno\nde sus derechos, indic\u00f3.<\/p>\n\n\n\n<p>En el cierre de esta cuarta etapa de\nnegociaci\u00f3n, particip\u00f3 como testigo de Honor el Secretario de Medio Ambiente y\nRecursos Naturales, V\u00edctor Manuel Toledo, quien destac\u00f3 que se reafirma el\ncompromiso del Gobierno de M\u00e9xico de mantener el di\u00e1logo permanente con las\ncomunidades y consolidar la ciudadanizaci\u00f3n de la pol\u00edtica ambiental.<\/p>\n","protected":false},"excerpt":{"rendered":"<p>Redacci\u00f3n\/Zona Roja Oaxaca de Ju\u00e1rez, Oax., 14 de octubre de 2019.- En lo que consideraron&hellip;<\/p>\n","protected":false},"author":2,"featured_media":4817,"comment_status":"closed","ping_status":"open","sticky":false,"template":"","format":"standard","meta":{"_lmt_disableupdate":"","_lmt_disable":"","_jetpack_memberships_contains_paid_content":false,"footnotes":""},"categories":[109,46],"tags":[865,859],"class_list":["post-4816","post","type-post","status-publish","format-standard","has-post-thumbnail","hentry","category-minuto-a-minuto","category-zona-blanca","tag-conagua","tag-copuda"],"jetpack_featured_media_url":"https:\/\/zonaroja.com.mx\/wp-content\/uploads\/2019\/10\/Copuda.png","jetpack_sharing_enabled":true,"_links":{"self":[{"href":"https:\/\/zonaroja.com.mx\/index.php?rest_route=\/wp\/v2\/posts\/4816","targetHints":{"allow":["GET"]}}],"collection":[{"href":"https:\/\/zonaroja.com.mx\/index.php?rest_route=\/wp\/v2\/posts"}],"about":[{"href":"https:\/\/zonaroja.com.mx\/index.php?rest_route=\/wp\/v2\/types\/post"}],"author":[{"embeddable":true,"href":"https:\/\/zonaroja.com.mx\/index.php?rest_route=\/wp\/v2\/users\/2"}],"replies":[{"embeddable":true,"href":"https:\/\/zonaroja.com.mx\/index.php?rest_route=%2Fwp%2Fv2%2Fcomments&post=4816"}],"version-history":[{"count":1,"href":"https:\/\/zonaroja.com.mx\/index.php?rest_route=\/wp\/v2\/posts\/4816\/revisions"}],"predecessor-version":[{"id":4818,"href":"https:\/\/zonaroja.com.mx\/index.php?rest_route=\/wp\/v2\/posts\/4816\/revisions\/4818"}],"wp:featuredmedia":[{"embeddable":true,"href":"https:\/\/zonaroja.com.mx\/index.php?rest_route=\/wp\/v2\/media\/4817"}],"wp:attachment":[{"href":"https:\/\/zonaroja.com.mx\/index.php?rest_route=%2Fwp%2Fv2%2Fmedia&parent=4816"}],"wp:term":[{"taxonomy":"category","embeddable":true,"href":"https:\/\/zonaroja.com.mx\/index.php?rest_route=%2Fwp%2Fv2%2Fcategories&post=4816"},{"taxonomy":"post_tag","embeddable":true,"href":"https:\/\/zonaroja.com.mx\/index.php?rest_route=%2Fwp%2Fv2%2Ftags&post=4816"}],"curies":[{"name":"wp","href":"https:\/\/api.w.org\/{rel}","templated":true}]}}