{"id":48188,"date":"2022-11-18T09:50:00","date_gmt":"2022-11-18T15:50:00","guid":{"rendered":"http:\/\/www.zonaroja.com.mx\/?p=48188"},"modified":"2022-11-18T06:52:39","modified_gmt":"2022-11-18T12:52:39","slug":"exjefe-de-ssp-en-aguascalientes-fue-investigado-por-tortura-trabajo-con-garcia-luna","status":"publish","type":"post","link":"https:\/\/zonaroja.com.mx\/?p=48188","title":{"rendered":"Exjefe de SSP en Aguascalientes fue investigado por tortura; trabaj\u00f3 con Garc\u00eda Luna"},"content":{"rendered":"\n<p>Redacci\u00f3n\/Zona Roja Cdmx.<\/p>\n\n\n\n<p>Ciudad de M\u00e9xico, a 18 de noviembre de 2022.- Porfirio Javier S\u00e1nchez Mendoza, titular de la Secretar\u00eda de Seguridad P\u00fablica de Aguascalientes que muri\u00f3 en un accidente de helic\u00f3ptero, enfrent\u00f3 acusaciones de tortura y tuvo nexos con el exsecretario Genaro Garc\u00eda Luna y Luis C\u00e1rdenas Palomino.<\/p>\n\n\n\n<p>S\u00e1nchez Mendoza se form\u00f3 en la entonces Procuradur\u00eda General de la Rep\u00fablica (PGR) y en 2007 se incorpor\u00f3 a la Unidad de Inteligencia de la Agencia Federal de Investigaci\u00f3n y despu\u00e9s a la desaparecida Polic\u00eda Federal, donde fue director de operaciones encubiertas en los tiempos de Garc\u00eda Luna. Siete a\u00f1os despu\u00e9s pas\u00f3 a dirigir fuerzas federales en el estado occidental de Oaxaca y en 2018 ingres\u00f3 al equipo del exgobernador de Aguascalientes, Mart\u00edn Orozco, quien lo nombr\u00f3 secretario de Seguridad P\u00fablica.<\/p>\n\n\n\n<p>En 2016 la Comisi\u00f3n Interamericana de Derechos Humanos (CIDH) le inici\u00f3 una investigaci\u00f3n a petici\u00f3n de una v\u00edctima que denunci\u00f3 que fue torturada tras ser detenida por un presunto agente de la extinta Polic\u00eda Federal.<\/p>\n\n\n\n<p>Se le relaciona con Genaro Garc\u00eda Luna, extitular de Seguridad P\u00fablica Federal, quien se encuentra detenido en Estados Unidos y en espera de ser juzgado por sus presuntos v\u00ednculos con el narcotr\u00e1fico. As\u00ed como con Luis C\u00e1rdenas Palomino, exjefe de la Divisi\u00f3n de Seguridad Regional de la Polic\u00eda Federal y brazo derecho de Garc\u00eda Luna, quien fue detenido en julio de 2021, tambi\u00e9n acusado del delito de tortura contra un grupo de presuntos secuestradores.<\/p>\n\n\n\n<p>A Garc\u00eda Luna las autoridades estadounidenses lo se\u00f1alan por haber contribuido para que el C\u00e1rtel de Sinaloa lograra el trasiego hacia dicho pa\u00eds a cambio de sobornos millonarios. Mientras C\u00e1rdenas Palomino fue arrestado por presunta tortura contra cuatro supuestos integrantes de la banda de secuestradores denomida \u201cLos Zodiaco\u201d, en 2012. El hecho tambi\u00e9n evidenci\u00f3 un montaje entre la Polic\u00eda Federal y la empresa Televisa.<\/p>\n\n\n\n<p>Desde 2014 a 2018 se encarg\u00f3 de dirigir el \u00e1rea de situaciones t\u00e1cticas de la Coordinaci\u00f3n de Operaciones Especiales en la Divisi\u00f3n de Fuerzas Especiales de la Polic\u00eda Federal, para despu\u00e9s encabezar la SSP de Aguascalientes, por poco m\u00e1s de tres a\u00f1os, hasta el pasado 2 de febrero cuando fue detenido por elementos de la Agencia de Investigaci\u00f3n Criminal (AIC), bajo los cargos de presunto abuso de autoridad, tortura, falsedad en declaraciones judiciales y en informes dados a una autoridad.<\/p>\n\n\n\n<p>A trav\u00e9s de un comunicado, el Gobierno de Aguascalientes confirm\u00f3 que la detenci\u00f3n del funcionario fue en cumplimiento de una orden emitida por la Fiscal\u00eda General de la Rep\u00fablica (FGR), operativo en el que tambi\u00e9n particip\u00f3 la Secretar\u00eda de la Defensa Nacional (Sedena).<\/p>\n\n\n\n<p>La administraci\u00f3n estatal destac\u00f3 que est\u00e1 en disposici\u00f3n de colaborar en las investigaciones sobre el caso. \u201cLas autoridades federales hicieron del conocimiento de la administraci\u00f3n estatal de la orden de presentaci\u00f3n y, de manera inmediata, se ha puesto a disposici\u00f3n lo necesario para colaborar con el caso\u201d, agreg\u00f3.<\/p>\n\n\n\n<p>Mart\u00edn Orozco, Gobernador de Aguascalientes, se pronunci\u00f3 por el arresto de S\u00e1nchez Mendoza, de quien dijo que mientras estuvo al frente de la Secretar\u00eda de Seguridad P\u00fablica local \u201crealiz\u00f3 sus funciones con una conducta intachable y con resultados que han sido \u00f3ptimos\u201d.<\/p>\n\n\n\n<p>Postura que el Presidente Andr\u00e9s Manuel L\u00f3pez Obrador retom\u00f3 d\u00edas despu\u00e9s al celebrar la disposici\u00f3n del Gobernador Orozco Sandoval en el caso de su colaborador, ya que, dijo, en la mayor\u00eda de las ocasiones, los mandatarios no se pronuncian o defienden a sus funcionarios.<\/p>\n\n\n\n<p>(Informaci\u00f3n del sitio \u201cSin Embargo\u201d)<\/p>\n","protected":false},"excerpt":{"rendered":"<p>Redacci\u00f3n\/Zona Roja Cdmx. Ciudad de M\u00e9xico, a 18 de noviembre de 2022.- Porfirio Javier S\u00e1nchez&hellip;<\/p>\n","protected":false},"author":2,"featured_media":48189,"comment_status":"closed","ping_status":"open","sticky":false,"template":"","format":"standard","meta":{"_lmt_disableupdate":"","_lmt_disable":"","_jetpack_memberships_contains_paid_content":false,"footnotes":""},"categories":[109,47],"tags":[3318],"class_list":["post-48188","post","type-post","status-publish","format-standard","has-post-thumbnail","hentry","category-minuto-a-minuto","category-zona-gris","tag-porfirio-javier-sanchez-mendoza"],"jetpack_featured_media_url":"https:\/\/zonaroja.com.mx\/wp-content\/uploads\/2022\/11\/Porfirio-Javier-Sanchez-Mendoza.jpeg","jetpack_sharing_enabled":true,"_links":{"self":[{"href":"https:\/\/zonaroja.com.mx\/index.php?rest_route=\/wp\/v2\/posts\/48188","targetHints":{"allow":["GET"]}}],"collection":[{"href":"https:\/\/zonaroja.com.mx\/index.php?rest_route=\/wp\/v2\/posts"}],"about":[{"href":"https:\/\/zonaroja.com.mx\/index.php?rest_route=\/wp\/v2\/types\/post"}],"author":[{"embeddable":true,"href":"https:\/\/zonaroja.com.mx\/index.php?rest_route=\/wp\/v2\/users\/2"}],"replies":[{"embeddable":true,"href":"https:\/\/zonaroja.com.mx\/index.php?rest_route=%2Fwp%2Fv2%2Fcomments&post=48188"}],"version-history":[{"count":1,"href":"https:\/\/zonaroja.com.mx\/index.php?rest_route=\/wp\/v2\/posts\/48188\/revisions"}],"predecessor-version":[{"id":48190,"href":"https:\/\/zonaroja.com.mx\/index.php?rest_route=\/wp\/v2\/posts\/48188\/revisions\/48190"}],"wp:featuredmedia":[{"embeddable":true,"href":"https:\/\/zonaroja.com.mx\/index.php?rest_route=\/wp\/v2\/media\/48189"}],"wp:attachment":[{"href":"https:\/\/zonaroja.com.mx\/index.php?rest_route=%2Fwp%2Fv2%2Fmedia&parent=48188"}],"wp:term":[{"taxonomy":"category","embeddable":true,"href":"https:\/\/zonaroja.com.mx\/index.php?rest_route=%2Fwp%2Fv2%2Fcategories&post=48188"},{"taxonomy":"post_tag","embeddable":true,"href":"https:\/\/zonaroja.com.mx\/index.php?rest_route=%2Fwp%2Fv2%2Ftags&post=48188"}],"curies":[{"name":"wp","href":"https:\/\/api.w.org\/{rel}","templated":true}]}}