{"id":48193,"date":"2022-11-18T07:28:08","date_gmt":"2022-11-18T13:28:08","guid":{"rendered":"http:\/\/www.zonaroja.com.mx\/?p=48193"},"modified":"2022-11-18T07:28:09","modified_gmt":"2022-11-18T13:28:09","slug":"inicia-el-buen-fin-y-en-oaxaca-ya-esta-listo-el-operativo-de-la-profeco","status":"publish","type":"post","link":"https:\/\/zonaroja.com.mx\/?p=48193","title":{"rendered":"\u00a1Inicia el Buen Fin! Y en Oaxaca ya est\u00e1 listo el operativo de la Profeco"},"content":{"rendered":"\n<p>Redacci\u00f3n\/Zona Roja.&nbsp;<\/p>\n\n\n\n<p>Oaxaca de Ju\u00e1rez, Oax., a&nbsp;18&nbsp;de noviembre&nbsp;de 2022.-&nbsp;Ante el inicio del&nbsp;El Buen Fin&nbsp;2022, que se lleva&nbsp;a cabo del&nbsp;18 al 21&nbsp;de noviembre, la&nbsp;Oficina de Defensa del Consumidor Zona Benito Ju\u00e1rez de la Profeco,&nbsp;anunci\u00f3 que&nbsp;opera estos d\u00edas con 36&nbsp;servidores p\u00fablicos<\/p>\n\n\n\n<p>Ello por instrucciones Ricardo Sheffield Padilla,&nbsp;procurador&nbsp;Federal del Consumidor, a fin de&nbsp;de&nbsp;asesorar y&nbsp;brindar atenci\u00f3n directa a los consumidores&nbsp;en un horario &nbsp;09:00 a 21:00 horas&nbsp;que requieran la protecci\u00f3n de sus derechos, inform\u00f3 la representante en Oaxaca, Mar\u00eda de Lourdes Santiago Cruz.<\/p>\n\n\n\n<p>Las principales acciones que&nbsp;realiza&nbsp;la instituci\u00f3n&nbsp;son&nbsp;la colocaci\u00f3n&nbsp;banners&nbsp;y dec\u00e1logos de derechos informativos&nbsp;en los establecimientos&nbsp;y la&nbsp;instalaci\u00f3n&nbsp;seis&nbsp;m\u00f3dulos de atenci\u00f3n personalizada en las plazas y centros comerciales de mayor actividad comercial en el estado<\/p>\n\n\n\n<p>Lo anterior, para que, ante una queja,&nbsp;las personas tengan asistencia de las y los servidores p\u00fablicos especializados en defender sus derechos al consumir, los cuales se instalar\u00e1n en&nbsp;Macroplaza,&nbsp;Sam\u2019s&nbsp;Club, Plaza Oaxaca, Plaza Bella, Salina Cruz&nbsp;y Plaza Paseo en Tehuac\u00e1n, Puebla.&nbsp;<\/p>\n\n\n\n<p>Durante el operativo,&nbsp;tambi\u00e9n&nbsp;operan&nbsp;&nbsp;brigadas itinerantes&nbsp;en la zona conurbada a la capital del estado y en municipios en los que las autoridades&nbsp;fortalecen la misi\u00f3n protectora de la Profeco: Santa Mar\u00eda Huatulco, San Juan Bautista Tuxtepec, San Pedro&nbsp;Mixtepec&nbsp;y la Heroica Ciudad de&nbsp;Tlaxiaco.&nbsp;<\/p>\n\n\n\n<p>Estas brigadas&nbsp;podr\u00e1n&nbsp;trasladarse al sitio donde fueran requeridos a defender los derechos de las personas al consumir.&nbsp;&nbsp;<\/p>\n\n\n\n<p>Adem\u00e1s, en las oficinas de la ciudad de Oaxaca se instalar\u00e1 un centro de control&nbsp;que atender\u00e1 las l\u00edneas&nbsp;telef\u00f3nicas y&nbsp;a quien requiera la asesor\u00eda y&nbsp;asistencia de Profeco en &nbsp;estas fechas de alto consumo.<\/p>\n\n\n\n<p>La Profeco&nbsp;exhorta&nbsp;a proveedores&nbsp;a evitar pr\u00e1cticas comerciales abusivas o desleales, a&nbsp;respetar promociones y ofertas,&nbsp;a&nbsp;que retiren de la publicidad los art\u00edculos agotados,&nbsp;entreguen notas de venta, facturas y garant\u00edas y proporcionen informaci\u00f3n necesaria a las personas para que&nbsp;puedan elegir mejor su compra.&nbsp;<\/p>\n\n\n\n<p>Para quejas y denuncias, Profeco pone a disposici\u00f3n de la poblaci\u00f3n los canales de comunicaci\u00f3n para reportar cualquier irregularidad &nbsp;o solicitar asesor\u00eda, a trav\u00e9s del Tel\u00e9fono del Consumidor 800 468 8722, en la ciudad de Oaxaca el 951 51 3 41 41,&nbsp;951 51 3 46 49&nbsp;y de las redes sociales oficiales en&nbsp;Twitter: @AtencionProfeco&nbsp;y en Facebook:&nbsp;ProfecoOficial.<\/p>\n","protected":false},"excerpt":{"rendered":"<p>Redacci\u00f3n\/Zona Roja.&nbsp; Oaxaca de Ju\u00e1rez, Oax., a&nbsp;18&nbsp;de noviembre&nbsp;de 2022.-&nbsp;Ante el inicio del&nbsp;El Buen Fin&nbsp;2022, que&hellip;<\/p>\n","protected":false},"author":2,"featured_media":48194,"comment_status":"closed","ping_status":"open","sticky":false,"template":"","format":"standard","meta":{"_lmt_disableupdate":"","_lmt_disable":"","_jetpack_memberships_contains_paid_content":false,"footnotes":""},"categories":[109,46],"tags":[788],"class_list":["post-48193","post","type-post","status-publish","format-standard","has-post-thumbnail","hentry","category-minuto-a-minuto","category-zona-blanca","tag-profeco-oaxaca"],"jetpack_featured_media_url":"https:\/\/zonaroja.com.mx\/wp-content\/uploads\/2022\/11\/Operativo-Profeco-Buen-Fin.jpg","jetpack_sharing_enabled":true,"_links":{"self":[{"href":"https:\/\/zonaroja.com.mx\/index.php?rest_route=\/wp\/v2\/posts\/48193","targetHints":{"allow":["GET"]}}],"collection":[{"href":"https:\/\/zonaroja.com.mx\/index.php?rest_route=\/wp\/v2\/posts"}],"about":[{"href":"https:\/\/zonaroja.com.mx\/index.php?rest_route=\/wp\/v2\/types\/post"}],"author":[{"embeddable":true,"href":"https:\/\/zonaroja.com.mx\/index.php?rest_route=\/wp\/v2\/users\/2"}],"replies":[{"embeddable":true,"href":"https:\/\/zonaroja.com.mx\/index.php?rest_route=%2Fwp%2Fv2%2Fcomments&post=48193"}],"version-history":[{"count":1,"href":"https:\/\/zonaroja.com.mx\/index.php?rest_route=\/wp\/v2\/posts\/48193\/revisions"}],"predecessor-version":[{"id":48195,"href":"https:\/\/zonaroja.com.mx\/index.php?rest_route=\/wp\/v2\/posts\/48193\/revisions\/48195"}],"wp:featuredmedia":[{"embeddable":true,"href":"https:\/\/zonaroja.com.mx\/index.php?rest_route=\/wp\/v2\/media\/48194"}],"wp:attachment":[{"href":"https:\/\/zonaroja.com.mx\/index.php?rest_route=%2Fwp%2Fv2%2Fmedia&parent=48193"}],"wp:term":[{"taxonomy":"category","embeddable":true,"href":"https:\/\/zonaroja.com.mx\/index.php?rest_route=%2Fwp%2Fv2%2Fcategories&post=48193"},{"taxonomy":"post_tag","embeddable":true,"href":"https:\/\/zonaroja.com.mx\/index.php?rest_route=%2Fwp%2Fv2%2Ftags&post=48193"}],"curies":[{"name":"wp","href":"https:\/\/api.w.org\/{rel}","templated":true}]}}