{"id":48196,"date":"2022-11-18T07:36:04","date_gmt":"2022-11-18T13:36:04","guid":{"rendered":"http:\/\/www.zonaroja.com.mx\/?p=48196"},"modified":"2022-11-18T07:36:21","modified_gmt":"2022-11-18T13:36:21","slug":"concluye-diplomado-trata-de-personas-politica-publica-genero-y-derecho-humanos","status":"publish","type":"post","link":"https:\/\/zonaroja.com.mx\/?p=48196","title":{"rendered":"Concluye diplomado \u201cTrata de Personas, Pol\u00edtica P\u00fablica, G\u00e9nero y Derecho Humanos\u201d"},"content":{"rendered":"\n<p>Redacci\u00f3n\/Zona Roja.<\/p>\n\n\n\n<p>Oaxaca de Ju\u00e1rez, Oax., a 18 de noviembre de 2022.- Con la conferencia magistral&nbsp;virtual&nbsp;\u201cTrata de personas y Derechos Humanos\u201d, impartida por el consultor y&nbsp;asesor&nbsp;jur\u00eddico de diversas agencias de cooperaci\u00f3n internacional y organizaciones de la sociedad Civil, H\u00e9ctor Alberto P\u00e9rez Rivera, concluy\u00f3 el&nbsp;diplomado&nbsp;especializado&nbsp;\u201cTrata de Personas, Pol\u00edtica P\u00fablica, G\u00e9nero y Derecho Humanos\u201d,&nbsp;que&nbsp;este a\u00f1o tuvo cerca de cien participantes entre servidoras y servidores p\u00fablicos de diferentes instituciones, as\u00ed como operadores judiciales. &nbsp;<\/p>\n\n\n\n<p>El programa acad\u00e9mico, resultado de la&nbsp;colaboraci\u00f3n conjunta del Poder Judicial del Estado,&nbsp;la Defensor\u00eda de Derechos Humanos del Pueblo de Oaxaca (DDHPO),&nbsp;el&nbsp;Centro de Estudios Sociales y Culturales Antonio de Montesinos&nbsp;y el&nbsp;Instituto de Derecho y Justicia Alternativa A.C.,&nbsp;tuvo como objetivo&nbsp;analizar&nbsp;la situaci\u00f3n actual de la trata de personas en M\u00e9xico y Oaxaca, en un contexto de migraci\u00f3n nacional e internacional para fortalecer las pol\u00edticas p\u00fablicas existentes.<\/p>\n\n\n\n<p>En su intervenci\u00f3n, el ponente, quien se&nbsp;ha despe\u00f1ado en diversas organizaciones civiles y cargos p\u00fablicos relacionados con la defensa y promoci\u00f3n de los derechos humanos,&nbsp;indic\u00f3 que&nbsp;la trata de personas, considerado un fen\u00f3meno social complejo,&nbsp;adem\u00e1s de como un delito,&nbsp;debe ser conceptualizado&nbsp;como&nbsp;una grave violaci\u00f3n de los derechos humanos.&nbsp;<\/p>\n\n\n\n<p>El tambi\u00e9n autor de&nbsp;un libro&nbsp;y de&nbsp;diversos art\u00edculos especializados en esta problem\u00e1tica, resalt\u00f3 que considerando que las personas m\u00e1s expuestas&nbsp;a \u00e9ste son ni\u00f1as, ni\u00f1os&nbsp;y mujeres, se debe incorporar la perspectiva de g\u00e9nero en todas las acciones que&nbsp;se emprendan para atender&nbsp;y prevenir la trata de personas.<\/p>\n\n\n\n<p>En la ceremonia de clausura&nbsp;del diplomado, en la que estuvo&nbsp;presente la&nbsp;directora de Derechos Humanos del Consejo de la Judicatura, maestra&nbsp;Nidia Soledad Mart\u00ednez Esteva,&nbsp;en representaci\u00f3n del&nbsp;titular del Poder Judicial, magistrado&nbsp;Eduardo Pinacho S\u00e1nchez,&nbsp;se felicit\u00f3 a las y los participantes&nbsp;por su inter\u00e9s de fortalecer sus conocimientos en este tema.&nbsp;<\/p>\n\n\n\n<p>Asimismo, compartieron sus experiencias la doctora Alicia Mesa Bribiesca; la maestra Aide\u00e9 Lara Ju\u00e1rez y la licenciada&nbsp;Alba Esperanza Mart\u00ednez Bernab\u00e9.<\/p>\n","protected":false},"excerpt":{"rendered":"<p>Redacci\u00f3n\/Zona Roja. Oaxaca de Ju\u00e1rez, Oax., a 18 de noviembre de 2022.- Con la conferencia&hellip;<\/p>\n","protected":false},"author":2,"featured_media":48197,"comment_status":"closed","ping_status":"open","sticky":false,"template":"","format":"standard","meta":{"_lmt_disableupdate":"","_lmt_disable":"","_jetpack_memberships_contains_paid_content":false,"footnotes":""},"categories":[109,46],"tags":[223],"class_list":["post-48196","post","type-post","status-publish","format-standard","has-post-thumbnail","hentry","category-minuto-a-minuto","category-zona-blanca","tag-poder-judicial-de-oaxaca"],"jetpack_featured_media_url":"https:\/\/zonaroja.com.mx\/wp-content\/uploads\/2022\/11\/Consultor-Hector-Alberto-Perez.jpeg","jetpack_sharing_enabled":true,"_links":{"self":[{"href":"https:\/\/zonaroja.com.mx\/index.php?rest_route=\/wp\/v2\/posts\/48196","targetHints":{"allow":["GET"]}}],"collection":[{"href":"https:\/\/zonaroja.com.mx\/index.php?rest_route=\/wp\/v2\/posts"}],"about":[{"href":"https:\/\/zonaroja.com.mx\/index.php?rest_route=\/wp\/v2\/types\/post"}],"author":[{"embeddable":true,"href":"https:\/\/zonaroja.com.mx\/index.php?rest_route=\/wp\/v2\/users\/2"}],"replies":[{"embeddable":true,"href":"https:\/\/zonaroja.com.mx\/index.php?rest_route=%2Fwp%2Fv2%2Fcomments&post=48196"}],"version-history":[{"count":2,"href":"https:\/\/zonaroja.com.mx\/index.php?rest_route=\/wp\/v2\/posts\/48196\/revisions"}],"predecessor-version":[{"id":48199,"href":"https:\/\/zonaroja.com.mx\/index.php?rest_route=\/wp\/v2\/posts\/48196\/revisions\/48199"}],"wp:featuredmedia":[{"embeddable":true,"href":"https:\/\/zonaroja.com.mx\/index.php?rest_route=\/wp\/v2\/media\/48197"}],"wp:attachment":[{"href":"https:\/\/zonaroja.com.mx\/index.php?rest_route=%2Fwp%2Fv2%2Fmedia&parent=48196"}],"wp:term":[{"taxonomy":"category","embeddable":true,"href":"https:\/\/zonaroja.com.mx\/index.php?rest_route=%2Fwp%2Fv2%2Fcategories&post=48196"},{"taxonomy":"post_tag","embeddable":true,"href":"https:\/\/zonaroja.com.mx\/index.php?rest_route=%2Fwp%2Fv2%2Ftags&post=48196"}],"curies":[{"name":"wp","href":"https:\/\/api.w.org\/{rel}","templated":true}]}}