{"id":48204,"date":"2022-11-18T08:19:15","date_gmt":"2022-11-18T14:19:15","guid":{"rendered":"http:\/\/www.zonaroja.com.mx\/?p=48204"},"modified":"2022-11-18T08:19:17","modified_gmt":"2022-11-18T14:19:17","slug":"hallan-cadaver-en-la-costa-podria-ser-de-un-trabajador-de-lala","status":"publish","type":"post","link":"https:\/\/zonaroja.com.mx\/?p=48204","title":{"rendered":"Hallan cad\u00e1ver en la Costa; podr\u00eda ser de un trabajador de Lala"},"content":{"rendered":"\n<p>Redacci\u00f3n\/Zona Roja.<\/p>\n\n\n\n<p>Oaxaca de Ju\u00e1rez, Oax., a 18 de noviembre de 2022.- La tarde de este jueves fue localizado en Santo Domingo Armenta, Oaxaca, un cuerpo en estado de putrefacci\u00f3n, que podr\u00eda ser de uno de los dos empleados de la empresa Lala desaparecidos desde hace una semana.<\/p>\n\n\n\n<p>De acuerdo con reportes policiacos, el hallazgo ocurri\u00f3 debajo del puente \u201cOtate\u201d, en la carretera al Ciruelo y jurisdicci\u00f3n de dicho municipio de la regi\u00f3n Costa; en la misma zona localizaron ropas de otra persona.<\/p>\n\n\n\n<p>La Vicefiscal\u00eda Regional de la Costa, dependiente de la Fiscal\u00eda General del Estado, inici\u00f3 las pruebas periciales correspondientes e indaga si se trata de uno de las dos personas desaparecidas hace m\u00e1s de una semana en el mismo municipio.<\/p>\n\n\n\n<p>Fue la noche del martes 8 de noviembre en que se report\u00f3 el asalto a los empleados de la empresa Lala y despu\u00e9s la camioneta fue localizada volcada en el puente \u201cEl Camar\u00f3n\u201d, de la carretera federal 200 de Pinotepa a Acapulco, Guerrero.<\/p>\n\n\n\n<p>Carlos Hern\u00e1ndez Casilla y Abel Ba\u00f1os Medina fueron reportados como desaparecidos en las redes sociales y por lo cual personal de la Fiscal\u00eda General del Estado realiz\u00f3 b\u00fasqueda en la zona, pero hasta ayer que hallaron unos restos y podr\u00edan ser de ellos.<\/p>\n\n\n\n<p>Al parecer los restos corresponden a Carlos Javier y hallaron prendas de vestir de Abel.<\/p>\n","protected":false},"excerpt":{"rendered":"<p>Redacci\u00f3n\/Zona Roja. Oaxaca de Ju\u00e1rez, Oax., a 18 de noviembre de 2022.- La tarde de&hellip;<\/p>\n","protected":false},"author":2,"featured_media":48205,"comment_status":"closed","ping_status":"open","sticky":false,"template":"","format":"standard","meta":{"_lmt_disableupdate":"","_lmt_disable":"","_jetpack_memberships_contains_paid_content":false,"footnotes":""},"categories":[109,51],"tags":[1039],"class_list":["post-48204","post","type-post","status-publish","format-standard","has-post-thumbnail","hentry","category-minuto-a-minuto","category-zona-roja","tag-santo-domingo-armenta"],"jetpack_featured_media_url":"https:\/\/zonaroja.com.mx\/wp-content\/uploads\/2022\/11\/Cuerpo-hallado-Costa-Armenta.jpg","jetpack_sharing_enabled":true,"_links":{"self":[{"href":"https:\/\/zonaroja.com.mx\/index.php?rest_route=\/wp\/v2\/posts\/48204","targetHints":{"allow":["GET"]}}],"collection":[{"href":"https:\/\/zonaroja.com.mx\/index.php?rest_route=\/wp\/v2\/posts"}],"about":[{"href":"https:\/\/zonaroja.com.mx\/index.php?rest_route=\/wp\/v2\/types\/post"}],"author":[{"embeddable":true,"href":"https:\/\/zonaroja.com.mx\/index.php?rest_route=\/wp\/v2\/users\/2"}],"replies":[{"embeddable":true,"href":"https:\/\/zonaroja.com.mx\/index.php?rest_route=%2Fwp%2Fv2%2Fcomments&post=48204"}],"version-history":[{"count":1,"href":"https:\/\/zonaroja.com.mx\/index.php?rest_route=\/wp\/v2\/posts\/48204\/revisions"}],"predecessor-version":[{"id":48206,"href":"https:\/\/zonaroja.com.mx\/index.php?rest_route=\/wp\/v2\/posts\/48204\/revisions\/48206"}],"wp:featuredmedia":[{"embeddable":true,"href":"https:\/\/zonaroja.com.mx\/index.php?rest_route=\/wp\/v2\/media\/48205"}],"wp:attachment":[{"href":"https:\/\/zonaroja.com.mx\/index.php?rest_route=%2Fwp%2Fv2%2Fmedia&parent=48204"}],"wp:term":[{"taxonomy":"category","embeddable":true,"href":"https:\/\/zonaroja.com.mx\/index.php?rest_route=%2Fwp%2Fv2%2Fcategories&post=48204"},{"taxonomy":"post_tag","embeddable":true,"href":"https:\/\/zonaroja.com.mx\/index.php?rest_route=%2Fwp%2Fv2%2Ftags&post=48204"}],"curies":[{"name":"wp","href":"https:\/\/api.w.org\/{rel}","templated":true}]}}