{"id":48207,"date":"2022-11-18T15:46:27","date_gmt":"2022-11-18T21:46:27","guid":{"rendered":"http:\/\/www.zonaroja.com.mx\/?p=48207"},"modified":"2022-11-18T15:46:28","modified_gmt":"2022-11-18T21:46:28","slug":"lideran-mujeres-movimiento-de-reivindicacion-sindical-en-oaxaca-en-stpeidceo","status":"publish","type":"post","link":"https:\/\/zonaroja.com.mx\/?p=48207","title":{"rendered":"Lideran mujeres Movimiento de Reivindicaci\u00f3n Sindical en Oaxaca en STPEIDCEO"},"content":{"rendered":"\n<p>Yuridiana Sosa\/Zona Roja.<\/p>\n\n\n\n<p>Oaxaca de Ju\u00e1rez, Oax., 18 de noviembre de 2022.- En busca de un gremio honesto, organizado, sin cacicazgos y enfocado al beneficio colectivo, surge el Movimiento de Reivindicaci\u00f3n Sindical (Moresi), por parte de trabajadores del gobierno estatal de Oaxaca, encabezado por mujeres.<\/p>\n\n\n\n<p>Integrantes del Sindicato de Trabajadores de los Poderes del Estado e Instituciones Descentralizadas de Car\u00e1cter Estatal de Oaxaca (STPEIDCEO) presentaron este viernes, en conferencia de prensa, una nueva corriente que promete respaldar y hacer valer la voz de los trabajadores, liderada por primera vez por mujeres.<\/p>\n\n\n\n<p>Ver\u00f3nica Hern\u00e1ndez Salazar, Viviana Mart\u00ednez y Martha Nava se\u00f1alaron que tras varios a\u00f1os de trabajo e incluso formar parte de otras corrientes, se han percatado que prevalece un abandono a los trabajadores, a quienes llamaron a romper con los vicios pol\u00edticos que al menos en los \u00faltimos 10 a\u00f1os han afectado al sindicato.<\/p>\n\n\n\n<p>Hern\u00e1ndez Salazar apunt\u00f3 que es claro el hartazgo de la base trabajadora, que s\u00f3lo es testigo de los beneficios econ\u00f3micos y pol\u00edticos que unos cuantos reciben, tomando como \u201cbot\u00edn\u201d al STPEIDCEO.<\/p>\n\n\n\n<p>En el proceso de reivindicaci\u00f3n se llamar\u00e1 al pr\u00f3ximo Gobernador del Estado, Salom\u00f3n Jara Cruz, como primer empleado del gobierno, para trabajar en armon\u00eda, pero limitando los afectos entre la base y el patr\u00f3n para poder exigir las demandas de los trabajadores libremente.<\/p>\n\n\n\n<p>Entre sus principales actividades ser\u00e1 dar acompa\u00f1amiento a los empleados que sienten que sus derechos han sido vulnerados, pero a\u00fan desconocen c\u00f3mo hacer que se respeten.<\/p>\n\n\n\n<p>\u201cVengan todo aquel que sienta que el sindicato no ha llenado sus expectativas. Vamos a sumar fuerzas para llegar a un resultado\u201d, destac\u00f3 la nueva l\u00edder.<\/p>\n\n\n\n<p>Recalcaron que con este proyecto tambi\u00e9n se deja en claro la capacidad de las mujeres para liderar organizaciones de este tipo, donde predomina el control de los varones.<\/p>\n\n\n\n<figure class=\"wp-block-embed is-type-rich is-provider-twitter wp-block-embed-twitter\"><div class=\"wp-block-embed__wrapper\">\n<div class=\"twitter-tweet\"><blockquote class=\"twitter-tweet\" data-lang=\"es\"><p lang=\"es\" dir=\"ltr\"><a href=\"https:\/\/twitter.com\/hashtag\/ENVIVO?src=hash&amp;ref_src=twsrc%5Etfw\">#ENVIVO<\/a><br>Oaxaca de Ju\u00e1rez, Oax., 18 de noviembre de 2022.- Conferencia de prensa de un grupo de trabajadores afiliados al <a href=\"https:\/\/twitter.com\/STPEIDCEO?ref_src=twsrc%5Etfw\">@STPEIDCEO<\/a>, para presentar al Movimiento de Reivindicaci\u00f3n Sindical.<br><br>Siga aqu\u00ed la transmisi\u00f3n: \ud83d\udc47<a href=\"https:\/\/t.co\/2MOHVufLHv\">https:\/\/t.co\/2MOHVufLHv<\/a> <a href=\"https:\/\/t.co\/YeRzDntbs1\">pic.twitter.com\/YeRzDntbs1<\/a><\/p>&mdash; Zona Roja Oaxaca (@ZonaRoja_Oaxaca) <a href=\"https:\/\/twitter.com\/ZonaRoja_Oaxaca\/status\/1593704749681053698?ref_src=twsrc%5Etfw\">18 de noviembre de 2022<\/a><\/blockquote><\/div>\n<\/div><\/figure>\n","protected":false},"excerpt":{"rendered":"<p>Yuridiana Sosa\/Zona Roja. Oaxaca de Ju\u00e1rez, Oax., 18 de noviembre de 2022.- En busca de&hellip;<\/p>\n","protected":false},"author":2,"featured_media":48208,"comment_status":"closed","ping_status":"open","sticky":false,"template":"","format":"standard","meta":{"_lmt_disableupdate":"","_lmt_disable":"","_jetpack_memberships_contains_paid_content":false,"footnotes":""},"categories":[109,46],"tags":[3319],"class_list":["post-48207","post","type-post","status-publish","format-standard","has-post-thumbnail","hentry","category-minuto-a-minuto","category-zona-blanca","tag-movimiento-de-reivindicacion-sindical-moresi"],"jetpack_featured_media_url":"https:\/\/zonaroja.com.mx\/wp-content\/uploads\/2022\/11\/Movimiento-de-Reivindicacion-Sindical-STPEIDCEO.jpg","jetpack_sharing_enabled":true,"_links":{"self":[{"href":"https:\/\/zonaroja.com.mx\/index.php?rest_route=\/wp\/v2\/posts\/48207","targetHints":{"allow":["GET"]}}],"collection":[{"href":"https:\/\/zonaroja.com.mx\/index.php?rest_route=\/wp\/v2\/posts"}],"about":[{"href":"https:\/\/zonaroja.com.mx\/index.php?rest_route=\/wp\/v2\/types\/post"}],"author":[{"embeddable":true,"href":"https:\/\/zonaroja.com.mx\/index.php?rest_route=\/wp\/v2\/users\/2"}],"replies":[{"embeddable":true,"href":"https:\/\/zonaroja.com.mx\/index.php?rest_route=%2Fwp%2Fv2%2Fcomments&post=48207"}],"version-history":[{"count":1,"href":"https:\/\/zonaroja.com.mx\/index.php?rest_route=\/wp\/v2\/posts\/48207\/revisions"}],"predecessor-version":[{"id":48209,"href":"https:\/\/zonaroja.com.mx\/index.php?rest_route=\/wp\/v2\/posts\/48207\/revisions\/48209"}],"wp:featuredmedia":[{"embeddable":true,"href":"https:\/\/zonaroja.com.mx\/index.php?rest_route=\/wp\/v2\/media\/48208"}],"wp:attachment":[{"href":"https:\/\/zonaroja.com.mx\/index.php?rest_route=%2Fwp%2Fv2%2Fmedia&parent=48207"}],"wp:term":[{"taxonomy":"category","embeddable":true,"href":"https:\/\/zonaroja.com.mx\/index.php?rest_route=%2Fwp%2Fv2%2Fcategories&post=48207"},{"taxonomy":"post_tag","embeddable":true,"href":"https:\/\/zonaroja.com.mx\/index.php?rest_route=%2Fwp%2Fv2%2Ftags&post=48207"}],"curies":[{"name":"wp","href":"https:\/\/api.w.org\/{rel}","templated":true}]}}