{"id":48217,"date":"2022-11-18T16:19:19","date_gmt":"2022-11-18T22:19:19","guid":{"rendered":"http:\/\/www.zonaroja.com.mx\/?p=48217"},"modified":"2022-11-18T18:52:36","modified_gmt":"2022-11-19T00:52:36","slug":"registra-pinotepa-nacional-dos-ejecutados-este-viernes","status":"publish","type":"post","link":"https:\/\/zonaroja.com.mx\/?p=48217","title":{"rendered":"Registra Pinotepa Nacional dos ejecutados, este viernes"},"content":{"rendered":"\n<p>Redacci\u00f3n\/Zona Roja.<\/p>\n\n\n\n<p>Oaxaca de Ju\u00e1rez, Oax., 18 de noviembre de 2022.- Dos personas fueron ejecutadas a balazos al mediod\u00eda de este viernes en el municipio de Santiago Pinotepa Nacional.<\/p>\n\n\n\n<p>Ello en el marco del mensaje que dio el gobernador Alejandro Murat Hinojosa en la capital oaxaque\u00f1a, a dos semanas de concluir su sexenio.<\/p>\n\n\n\n<p>El primer crimen se registr\u00f3 en la calle 13 Poniente de la colonia Santa Cruz, donde sujeta armados ultimaron a un individuo de nombre Arturo \u201cN\u201d.<\/p>\n\n\n\n<p>Un segundo hecho ocurri\u00f3 cerca de la carretera federal 200, en inmediaciones de la colonia Laboratorio, donde fue ultimado un individuo por disparos de arma de fuego y otra persona result\u00f3 lesionada de gravedad.<\/p>\n\n\n\n<p>En este caso la v\u00edctima fue identificada como Omar \u00abN\u00bb y la Vicefiscal\u00eda Regional de la Costa inici\u00f3 con las indagatorias correspondientes.<\/p>\n\n\n\n<p>Pese a que los dos cr\u00edmenes ocurrieron a la luz del d\u00eda y en zona urbana del centro de la ciudad no hubo detenciones y la polic\u00eda municipal reaccion\u00f3 con tardanza.<\/p>\n","protected":false},"excerpt":{"rendered":"<p>Redacci\u00f3n\/Zona Roja. Oaxaca de Ju\u00e1rez, Oax., 18 de noviembre de 2022.- Dos personas fueron ejecutadas&hellip;<\/p>\n","protected":false},"author":2,"featured_media":48220,"comment_status":"closed","ping_status":"open","sticky":false,"template":"","format":"standard","meta":{"_lmt_disableupdate":"","_lmt_disable":"","_jetpack_memberships_contains_paid_content":false,"footnotes":""},"categories":[109,51],"tags":[1030],"class_list":["post-48217","post","type-post","status-publish","format-standard","has-post-thumbnail","hentry","category-minuto-a-minuto","category-zona-roja","tag-transportistas-pinotepa-nacional"],"jetpack_featured_media_url":"https:\/\/zonaroja.com.mx\/wp-content\/uploads\/2022\/11\/Asesinado-Pinotepa-Nacional.jpg","jetpack_sharing_enabled":true,"_links":{"self":[{"href":"https:\/\/zonaroja.com.mx\/index.php?rest_route=\/wp\/v2\/posts\/48217","targetHints":{"allow":["GET"]}}],"collection":[{"href":"https:\/\/zonaroja.com.mx\/index.php?rest_route=\/wp\/v2\/posts"}],"about":[{"href":"https:\/\/zonaroja.com.mx\/index.php?rest_route=\/wp\/v2\/types\/post"}],"author":[{"embeddable":true,"href":"https:\/\/zonaroja.com.mx\/index.php?rest_route=\/wp\/v2\/users\/2"}],"replies":[{"embeddable":true,"href":"https:\/\/zonaroja.com.mx\/index.php?rest_route=%2Fwp%2Fv2%2Fcomments&post=48217"}],"version-history":[{"count":2,"href":"https:\/\/zonaroja.com.mx\/index.php?rest_route=\/wp\/v2\/posts\/48217\/revisions"}],"predecessor-version":[{"id":48222,"href":"https:\/\/zonaroja.com.mx\/index.php?rest_route=\/wp\/v2\/posts\/48217\/revisions\/48222"}],"wp:featuredmedia":[{"embeddable":true,"href":"https:\/\/zonaroja.com.mx\/index.php?rest_route=\/wp\/v2\/media\/48220"}],"wp:attachment":[{"href":"https:\/\/zonaroja.com.mx\/index.php?rest_route=%2Fwp%2Fv2%2Fmedia&parent=48217"}],"wp:term":[{"taxonomy":"category","embeddable":true,"href":"https:\/\/zonaroja.com.mx\/index.php?rest_route=%2Fwp%2Fv2%2Fcategories&post=48217"},{"taxonomy":"post_tag","embeddable":true,"href":"https:\/\/zonaroja.com.mx\/index.php?rest_route=%2Fwp%2Fv2%2Ftags&post=48217"}],"curies":[{"name":"wp","href":"https:\/\/api.w.org\/{rel}","templated":true}]}}