{"id":4822,"date":"2019-10-14T17:40:27","date_gmt":"2019-10-14T22:40:27","guid":{"rendered":"http:\/\/www.zonaroja.com.mx\/?p=4822"},"modified":"2019-10-14T17:40:30","modified_gmt":"2019-10-14T22:40:30","slug":"ante-tardanza-de-gobierno-seccion-22-inicia-entrega-de-uniformes-y-utiles","status":"publish","type":"post","link":"https:\/\/zonaroja.com.mx\/?p=4822","title":{"rendered":"Ante tardanza de gobierno, Secci\u00f3n 22 inicia entrega de uniformes y \u00fatiles"},"content":{"rendered":"\n<p>Redacci\u00f3n\/Zona Roja.<\/p>\n\n\n\n<p>Oaxaca de Ju\u00e1rez, Oax., Ante la\ntardanza del gobierno de Oaxaca y a dos meses de iniciado el ciclo escolar, la\nSecci\u00f3n 22 del Sindicato Nacional de Trabajadores de la Educaci\u00f3n (SNTE) inici\u00f3\neste lunes la entrega de uniformes y \u00fatiles escolares.<\/p>\n\n\n\n<p>La gesti\u00f3n fue calificada como un logro\ndel magisterio, en el marco del programa \u201cVamos juntos a la escuela\u201d, en\nbeneficio de 965 mil 926 estudiantes en la entidad. <\/p>\n\n\n\n<p>As\u00ed lo dio a conocer Genaro Mart\u00ednez\nMorales, secretario de Organizaci\u00f3n de la gremial, en la ceremonia que\nencabezaron este lunes en la escuela primaria federal \u00abJusto Sierra\u00bb\nde Zimatl\u00e1n de \u00c1lvarez, municipio de la regi\u00f3n Valles Centrales, en donde\nasegur\u00f3 que mantendr\u00e1n la lucha para conseguir condiciones dignas en todos los\ncentros escolares de la entidad, en beneficio de las y los estudiantes.<\/p>\n\n\n\n<p>\u201cEste ha sido uno de los logros del\nmovimiento democr\u00e1tico de trabajadores de la educaci\u00f3n aqu\u00ed en Oaxaca, aunque\nvamos en la ruta adecuada, sabemos que nos falta mucho en temas de\ninfraestructura, alimentaci\u00f3n y materiales por ello seguiremos en la lucha\u201d,\ndijo.<\/p>\n\n\n\n<p>Asimismo, indic\u00f3 que existe el\ncompromiso con padres, madres de familia y estudiantes en defensa de la\neducaci\u00f3n p\u00fablica, raz\u00f3n por la que no bajar\u00e1n la guardia en sus exigencias\npara que el derecho a la educaci\u00f3n de calidad sea tangible y no s\u00f3lo este\nplasmado en el papel.<\/p>\n\n\n\n<p>Por su parte, el dirigente de la\ngremial, Eloy L\u00f3pez Hern\u00e1ndez, indic\u00f3 que a partir de este lunes la Secci\u00f3n 22\nhar\u00e1 entrega de los paquetes correspondientes a vales, \u00fatiles y uniformes\nescolares en las escuelas y centros escolares de los 37 sectores sindicales.<\/p>\n\n\n\n<p>En este sentido, hizo un reconocimiento\na las madres y padres de familia por el apoyo y respaldo a la gremial\nmagisterial, que muchas veces tiene que ausentarse para mantener la lucha, pero\nque hoy se ve tangible el resultado con la entrega de los beneficios\ncomprometidos.<\/p>\n\n\n\n<p>\u201cHacer entrega de los uniformes y\n\u00fatiles ha sido un logro de todos, mantendremos la exigencia a los gobiernos\nestatal y federal para que cumplan con su responsabilidad de mantener las\nescuelas en condiciones dignas\u201d, refiri\u00f3.<\/p>\n\n\n\n<p>L\u00f3pez Hern\u00e1ndez reiter\u00f3 que no permitir\u00e1n el reconocimiento de los m\u00f3dulos irregulares encabezados por los sindicatos \u201cespurios\u201d que \u00fanicamente buscan desestabilizar la unidad que mantiene la Secci\u00f3n 22 con padres y madres de familia que respaldan el movimiento magisterial.<\/p>\n\n\n\n<p>La dependencia responsable de entregar los uniformes y \u00fatiles es la Secretar\u00eda de Desarrollo Social y Humano, que preside Yolanda L\u00f3pez, y que no ha dado informaci\u00f3n al respecto.<\/p>\n\n\n\n<p>En tanto, la diputada local por Morena, Magaly L\u00f3pez Dom\u00ednguez, ha insistido en tribuna en su llamado al titular del Poder Ejecutivo, Alejandro Murat Hinojosa, a que se inicie la entrega a la brevedad.<\/p>\n","protected":false},"excerpt":{"rendered":"<p>Redacci\u00f3n\/Zona Roja. Oaxaca de Ju\u00e1rez, Oax., Ante la tardanza del gobierno de Oaxaca y a&hellip;<\/p>\n","protected":false},"author":2,"featured_media":4823,"comment_status":"closed","ping_status":"open","sticky":false,"template":"","format":"standard","meta":{"_lmt_disableupdate":"","_lmt_disable":"","_jetpack_memberships_contains_paid_content":false,"footnotes":""},"categories":[109,46],"tags":[312],"class_list":["post-4822","post","type-post","status-publish","format-standard","has-post-thumbnail","hentry","category-minuto-a-minuto","category-zona-blanca","tag-seccion-22-del-snte"],"jetpack_featured_media_url":"https:\/\/zonaroja.com.mx\/wp-content\/uploads\/2019\/10\/PHOTO-2019-10-14-17-25-43.jpg","jetpack_sharing_enabled":true,"_links":{"self":[{"href":"https:\/\/zonaroja.com.mx\/index.php?rest_route=\/wp\/v2\/posts\/4822","targetHints":{"allow":["GET"]}}],"collection":[{"href":"https:\/\/zonaroja.com.mx\/index.php?rest_route=\/wp\/v2\/posts"}],"about":[{"href":"https:\/\/zonaroja.com.mx\/index.php?rest_route=\/wp\/v2\/types\/post"}],"author":[{"embeddable":true,"href":"https:\/\/zonaroja.com.mx\/index.php?rest_route=\/wp\/v2\/users\/2"}],"replies":[{"embeddable":true,"href":"https:\/\/zonaroja.com.mx\/index.php?rest_route=%2Fwp%2Fv2%2Fcomments&post=4822"}],"version-history":[{"count":1,"href":"https:\/\/zonaroja.com.mx\/index.php?rest_route=\/wp\/v2\/posts\/4822\/revisions"}],"predecessor-version":[{"id":4824,"href":"https:\/\/zonaroja.com.mx\/index.php?rest_route=\/wp\/v2\/posts\/4822\/revisions\/4824"}],"wp:featuredmedia":[{"embeddable":true,"href":"https:\/\/zonaroja.com.mx\/index.php?rest_route=\/wp\/v2\/media\/4823"}],"wp:attachment":[{"href":"https:\/\/zonaroja.com.mx\/index.php?rest_route=%2Fwp%2Fv2%2Fmedia&parent=4822"}],"wp:term":[{"taxonomy":"category","embeddable":true,"href":"https:\/\/zonaroja.com.mx\/index.php?rest_route=%2Fwp%2Fv2%2Fcategories&post=4822"},{"taxonomy":"post_tag","embeddable":true,"href":"https:\/\/zonaroja.com.mx\/index.php?rest_route=%2Fwp%2Fv2%2Ftags&post=4822"}],"curies":[{"name":"wp","href":"https:\/\/api.w.org\/{rel}","templated":true}]}}