{"id":48226,"date":"2022-11-19T11:38:00","date_gmt":"2022-11-19T17:38:00","guid":{"rendered":"http:\/\/www.zonaroja.com.mx\/?p=48226"},"modified":"2022-11-19T06:41:24","modified_gmt":"2022-11-19T12:41:24","slug":"demanda-el-foro-nacional-de-periodistas-alto-a-violencia-y-a-ldiscursos-de-odio","status":"publish","type":"post","link":"https:\/\/zonaroja.com.mx\/?p=48226","title":{"rendered":"Demanda el Foro Nacional de Periodistas alto a violencia y a ldiscursos de odio"},"content":{"rendered":"\n<p>Redacci\u00f3n\/Zona Roja.<\/p>\n\n\n\n<p>Oaxaca de Ju\u00e1rez, Oax., a 19 de noviembre de 2022.-&nbsp;El Foro Nacional de Periodistas y Comunicadores A. C., rechaza de manera en\u00e9rgica la violencia que se cierne contra los periodistas en M\u00e9xico; condena los motores que la generan; advierte que el asesinato de periodistas es un atentado a la sociedad, y exige frenar los discursos de odio que son el recurso de gobiernos dictatoriales.<\/p>\n\n\n\n<p>En su Declaraci\u00f3n Oaxaca, el Foro Nacional de Periodistas sostiene que matar periodistas es eliminar ojos y o\u00eddos a un pueblo que requiere saber y conocer el devenir cotidiano, que reclama informaci\u00f3n de calidad y est\u00e1 \u00e1vido de saber lo que pasa en su pa\u00eds.<\/p>\n\n\n\n<p>En el documento de siete puntos, firmado por su presidente nacional Rafael Cano Franco y por las 21 delegaciones y cap\u00edtulos del pa\u00eds que lo conforman, se demanda detener la violencia verbal, que luego motiva la violencia f\u00edsica.<\/p>\n\n\n\n<p>\u201cNo aceptamos que la diatriba gubernamental exponga la integridad f\u00edsica de nuestro gremio. Tampoco aceptamos que,&nbsp;al vivir en una sociedad violenta, eventualmente seamos v\u00edctimas colaterales\u201d, precisa el documento.<\/p>\n\n\n\n<p>Se\u00f1ala que la violencia en la sociedad es un acto de represi\u00f3n, pero tiene mayores repercusiones cuando se genera desde las altas esferas gubernamentales. Cuando desde la palestra p\u00fablica se incita al odio y se expone a los periodistas a la censura social por sus trabajos de investigaci\u00f3n que exhiben corrupci\u00f3n o ponen al descubierto un mal ejercicio de gobierno.<\/p>\n\n\n\n<p>Por ello, exige al Gobierno de M\u00e9xico garant\u00edas de un ejercicio de libertad de expresi\u00f3n sin adjetivos, sin censura, con tolerancia y que fomente el debate p\u00fablico, porque el gobierno es el primer ente obligado en otorgar condiciones para que el trabajo informativo se realice sin sobresaltos y con plena libertad.<\/p>\n\n\n\n<p>El gobierno debe reconocer que en el ejercicio del periodismo existen diversas visiones y por lo tanto no puede ni debe intentar aglutinar en&nbsp;una sola corriente de pensamiento \u2013que le sea favorable\u2014 a los periodistas, afirma.<\/p>\n\n\n\n<p>Se debe entender que las motivaciones de la prensa y de los periodistas responden a las diversas l\u00edneas editoriales de la que proceden, y en ese sentido, atentar contra la diversidad de pensamiento, es intimidar y acallar ideas que pueden ser opositoras o contrarias al r\u00e9gimen en turno, agrega la Declaraci\u00f3n Oaxaca.<\/p>\n\n\n\n<p>El Foro Nacional de Periodistas y Comunicadores A. C., subraya que los discursos de odio son el recurso de gobiernos dictatoriales y en una democracia lo que debe imperar es el debate de las ideas, la discusi\u00f3n p\u00fablica, las contrapropuestas y particularmente la cr\u00edtica como un acelerador del desarrollo. Cuando se intenta inhibir estas condiciones, no solamente se perjudica a los periodistas, tambi\u00e9n se lastima al pueblo de M\u00e9xico.<\/p>\n\n\n\n<p>En el documento suscrito en el marco de la Asamblea Anual, celebrada en esta ciudad el pasado fin de semana, se hace un llamado a funcionarios y gobernantes para que se deje de censurar y acosar a los periodistas por la l\u00ednea editorial que manejan.<\/p>\n\n\n\n<p>Deja claro que el valor fundamental en el cual se sustenta el trabajo informativo es la Libertad de Expresi\u00f3n, y derivado de ello \u201ces que hacemos de su defensa uno de los objetivos fundamentales, no solamente para los periodistas, sino como un baluarte que corresponde a todos los mexicanos\u201d.<\/p>\n\n\n\n<p>\u201cNinguna autoridad, ente p\u00fablico o privado, tiene atribuciones para determinar el sentido de la l\u00ednea editorial de un medio de comunicaci\u00f3n o periodista. Nadie se puede abrogar el derecho de recriminar lo que amparados en la libertad de expresi\u00f3n publicamos. En todo caso, son las audiencias las que con su inteligencia y capacidad juzgar\u00e1n la validez y la veracidad de la informaci\u00f3n\u201d, puntualiza<\/p>\n\n\n\n<p>El Foro Nacional aclara que no quiere prebendas ni concesiones sino acciones p\u00fablicas que incidan de forma positiva en el gremio period\u00edstico, y extiende la mano a las organizaciones period\u00edsticas del pa\u00eds para caminar juntos en la misi\u00f3n de consolidar, dignificar y profesionalizar el ejercicio del periodismo en M\u00e9xico.<\/p>\n\n\n\n<p>Cuando se trata de enarbolar causas de mejora para el periodismo y que estas inciden en un aut\u00e9ntico beneficio social para los mexicanos, no tenemos menoscabo en sumarnos, pero rechazamos todos aquellos que se organicen con fines aviesos, como propagandistas de gobiernos en turno o como comparsas de proyectos pol\u00edticos,&nbsp;concluye.<\/p>\n\n\n\n<p>(Comunicado)<\/p>\n","protected":false},"excerpt":{"rendered":"<p>Redacci\u00f3n\/Zona Roja. Oaxaca de Ju\u00e1rez, Oax., a 19 de noviembre de 2022.-&nbsp;El Foro Nacional de&hellip;<\/p>\n","protected":false},"author":2,"featured_media":48176,"comment_status":"closed","ping_status":"open","sticky":false,"template":"","format":"standard","meta":{"_lmt_disableupdate":"","_lmt_disable":"","_jetpack_memberships_contains_paid_content":false,"footnotes":""},"categories":[109,47],"tags":[1016],"class_list":["post-48226","post","type-post","status-publish","format-standard","has-post-thumbnail","hentry","category-minuto-a-minuto","category-zona-gris","tag-asesinato-de-periodistas-en-mexico"],"jetpack_featured_media_url":"https:\/\/zonaroja.com.mx\/wp-content\/uploads\/2022\/11\/prensa-1.jpg","jetpack_sharing_enabled":true,"_links":{"self":[{"href":"https:\/\/zonaroja.com.mx\/index.php?rest_route=\/wp\/v2\/posts\/48226","targetHints":{"allow":["GET"]}}],"collection":[{"href":"https:\/\/zonaroja.com.mx\/index.php?rest_route=\/wp\/v2\/posts"}],"about":[{"href":"https:\/\/zonaroja.com.mx\/index.php?rest_route=\/wp\/v2\/types\/post"}],"author":[{"embeddable":true,"href":"https:\/\/zonaroja.com.mx\/index.php?rest_route=\/wp\/v2\/users\/2"}],"replies":[{"embeddable":true,"href":"https:\/\/zonaroja.com.mx\/index.php?rest_route=%2Fwp%2Fv2%2Fcomments&post=48226"}],"version-history":[{"count":1,"href":"https:\/\/zonaroja.com.mx\/index.php?rest_route=\/wp\/v2\/posts\/48226\/revisions"}],"predecessor-version":[{"id":48227,"href":"https:\/\/zonaroja.com.mx\/index.php?rest_route=\/wp\/v2\/posts\/48226\/revisions\/48227"}],"wp:featuredmedia":[{"embeddable":true,"href":"https:\/\/zonaroja.com.mx\/index.php?rest_route=\/wp\/v2\/media\/48176"}],"wp:attachment":[{"href":"https:\/\/zonaroja.com.mx\/index.php?rest_route=%2Fwp%2Fv2%2Fmedia&parent=48226"}],"wp:term":[{"taxonomy":"category","embeddable":true,"href":"https:\/\/zonaroja.com.mx\/index.php?rest_route=%2Fwp%2Fv2%2Fcategories&post=48226"},{"taxonomy":"post_tag","embeddable":true,"href":"https:\/\/zonaroja.com.mx\/index.php?rest_route=%2Fwp%2Fv2%2Ftags&post=48226"}],"curies":[{"name":"wp","href":"https:\/\/api.w.org\/{rel}","templated":true}]}}