{"id":48234,"date":"2022-11-19T08:57:00","date_gmt":"2022-11-19T14:57:00","guid":{"rendered":"http:\/\/www.zonaroja.com.mx\/?p=48234"},"modified":"2022-11-19T06:58:52","modified_gmt":"2022-11-19T12:58:52","slug":"tribunal-ordena-a-eolica-desocupar-y-devolver-tierras-a-comuneros-de-oaxaca","status":"publish","type":"post","link":"https:\/\/zonaroja.com.mx\/?p=48234","title":{"rendered":"Tribunal ordena a e\u00f3lica desocupar y devolver tierras a comuneros de Oaxaca"},"content":{"rendered":"\n<p>Redacci\u00f3n\/Estado 20.<\/p>\n\n\n\n<p>Oaxaca de Ju\u00e1rez, Oax., a 19 de noviembre de 2022.- El Tribunal Unitario Agrario del distrito 22 declar\u00f3, por segunda ocasi\u00f3n, la nulidad definitiva de contratos de arrendamiento de tierras de comuneros de Uni\u00f3n Hidalgo, Oaxaca, por lo que la empresa Demex, filial de la firma espa\u00f1ola Renovalia Energy, deber\u00e1 desocupar y regresar parte de los terrenos que ocup\u00f3 para construir el parque e\u00f3lico \u201cPiedra Larga\u201d.<\/p>\n\n\n\n<p>Con el fallo en contra de Desarrollos E\u00f3licos Mexicanos S.A de C.V. (Demex), el Tribunal reconoci\u00f3 el car\u00e1cter comunal y agrario de las tierras donde levantaron su complejo de generaci\u00f3n de energ\u00eda que la compa\u00f1\u00eda indebidamente \u201crent\u00f3\u201d como propiedad privada.<\/p>\n\n\n\n<p>De acuerdo con la sentencia de nulidad de los contratos, dada a conocer este mes, Demex est\u00e1 obligado a quitar parte del parque e\u00f3lico de las tierras comunales ubicadas en el Istmo de Tehuantepec en el sur de M\u00e9xico.<\/p>\n\n\n\n<p>Esta nueva victoria de los comuneros de Uni\u00f3n Hidalgo, que reivindica sus derechos agrarios y como pueblo ind\u00edgena zapoteca, fue dada a conocer por Juan Antonio L\u00f3pez, coordinador de justicia transnacional del Proyecto de Derechos Econ\u00f3micos, Sociales y Culturales, ProDESC.<\/p>\n\n\n\n<p>\u201cEsta sentencia no solo beneficia a los comuneros de Uni\u00f3n Hidalgo o del Istmo de Tehuantepec, tiene repercusiones en todo el pa\u00eds.\u201d dijo L\u00f3pez.<\/p>\n\n\n\n<p>\u201cLanza el precedente para que cualquier comunero del pa\u00eds pueda, en el futuro, declarar la nulidad de los contratos en caso de que hayan sido autorizados de manera individual y no mediante acuerdo de una Asamblea General de Comuneros\u201d.<\/p>\n\n\n\n<p>Insisti\u00f3 en que la sentencia demuestra que se puede avanzar en la defensa del territorio de las comunidades agrarias ante el despojo por parte de grandes empresas transnacionales, coludidas con funcionarios p\u00fablicos.<\/p>\n\n\n\n<p>Cabe destacar que esta sentencia se da luego de un largo periodo de 9 a\u00f1os en los que la comunidad zapoteca y ProDESC comenzaron la defensa del territorio ante los despojos concretados por Demex en 2006 y 2011 durante los cuales, representantes de la empresa Demex llegaron a la comunidad de Uni\u00f3n Hidalgo para convencerlos de rentar sus tierras para la instalaci\u00f3n del parque e\u00f3lico Piedra Larga.<\/p>\n\n\n\n<p>Esta nueva sentencia se da luego de que en septiembre de 2022, el tribunal otorg\u00f3 a 11 comuneros de Uni\u00f3n Hidalgo la nulidad de los contratos de arrendamiento de tierras con los que una empresa opera este complejo e\u00f3lico en Juchit\u00e1n de Zaragoza, Oaxaca.<\/p>\n\n\n\n<p>El fallo en contra de Desarrollos E\u00f3licos Mexicanos S.A de C.V. (Demex), estableci\u00f3 que las tierras donde levantaron su complejo de generaci\u00f3n de energ\u00eda fueron consideradas indebidamente propiedad privada cuando en realidad son tierras comunales.<\/p>\n","protected":false},"excerpt":{"rendered":"<p>Redacci\u00f3n\/Estado 20. Oaxaca de Ju\u00e1rez, Oax., a 19 de noviembre de 2022.- El Tribunal Unitario&hellip;<\/p>\n","protected":false},"author":2,"featured_media":37429,"comment_status":"closed","ping_status":"open","sticky":false,"template":"","format":"standard","meta":{"_lmt_disableupdate":"","_lmt_disable":"","_jetpack_memberships_contains_paid_content":false,"footnotes":""},"categories":[109,47],"tags":[1495],"class_list":["post-48234","post","type-post","status-publish","format-standard","has-post-thumbnail","hentry","category-minuto-a-minuto","category-zona-gris","tag-eolica-union-hidalgo"],"jetpack_featured_media_url":"https:\/\/zonaroja.com.mx\/wp-content\/uploads\/2022\/02\/Eolicas-Oaxaca-Istmo.jpg","jetpack_sharing_enabled":true,"_links":{"self":[{"href":"https:\/\/zonaroja.com.mx\/index.php?rest_route=\/wp\/v2\/posts\/48234","targetHints":{"allow":["GET"]}}],"collection":[{"href":"https:\/\/zonaroja.com.mx\/index.php?rest_route=\/wp\/v2\/posts"}],"about":[{"href":"https:\/\/zonaroja.com.mx\/index.php?rest_route=\/wp\/v2\/types\/post"}],"author":[{"embeddable":true,"href":"https:\/\/zonaroja.com.mx\/index.php?rest_route=\/wp\/v2\/users\/2"}],"replies":[{"embeddable":true,"href":"https:\/\/zonaroja.com.mx\/index.php?rest_route=%2Fwp%2Fv2%2Fcomments&post=48234"}],"version-history":[{"count":1,"href":"https:\/\/zonaroja.com.mx\/index.php?rest_route=\/wp\/v2\/posts\/48234\/revisions"}],"predecessor-version":[{"id":48235,"href":"https:\/\/zonaroja.com.mx\/index.php?rest_route=\/wp\/v2\/posts\/48234\/revisions\/48235"}],"wp:featuredmedia":[{"embeddable":true,"href":"https:\/\/zonaroja.com.mx\/index.php?rest_route=\/wp\/v2\/media\/37429"}],"wp:attachment":[{"href":"https:\/\/zonaroja.com.mx\/index.php?rest_route=%2Fwp%2Fv2%2Fmedia&parent=48234"}],"wp:term":[{"taxonomy":"category","embeddable":true,"href":"https:\/\/zonaroja.com.mx\/index.php?rest_route=%2Fwp%2Fv2%2Fcategories&post=48234"},{"taxonomy":"post_tag","embeddable":true,"href":"https:\/\/zonaroja.com.mx\/index.php?rest_route=%2Fwp%2Fv2%2Ftags&post=48234"}],"curies":[{"name":"wp","href":"https:\/\/api.w.org\/{rel}","templated":true}]}}