{"id":48236,"date":"2022-11-19T09:58:00","date_gmt":"2022-11-19T15:58:00","guid":{"rendered":"http:\/\/www.zonaroja.com.mx\/?p=48236"},"modified":"2022-11-19T07:10:57","modified_gmt":"2022-11-19T13:10:57","slug":"sin-presupuesto-laboran-traductores-de-lengua-indigena-en-oaxaca","status":"publish","type":"post","link":"https:\/\/zonaroja.com.mx\/?p=48236","title":{"rendered":"Sin presupuesto, laboran traductores de lengua ind\u00edgena en Oaxaca"},"content":{"rendered":"\n<p>Yuridiana Sosa\/Zona Roja.<\/p>\n\n\n\n<p>Oaxaca de Ju\u00e1rez, Oax., 19 de noviembre de 2022.- Pese a que en Oaxaca el 70 por ciento de la poblaci\u00f3n es ind\u00edgena, no existe una pol\u00edtica p\u00fablica real que se aplique para mejorar su condici\u00f3n de vida, lo impacta en que no existe ni siquiera presupuesto para los int\u00e9rpretes defensores de los ind\u00edgenas privados de su libertad.<\/p>\n\n\n\n<p>Como parte del foro regional \u00abIncidencia de los derechos ling\u00fc\u00edsticos en los sistemas normativos y la aplicaci\u00f3n de la justicia en M\u00e9xico\u00bb, celebrado en Oaxaca este fin de semana, representantes del sector denunciaron en conferencia de prensa la dura situaci\u00f3n que viven los int\u00e9rpretes de lenguas ind\u00edgenas en M\u00e9xico, y en el caso particular de la entidad sede.<\/p>\n\n\n\n<p>El presidente del Centro Profesional Ind\u00edgena de Asesor\u00eda Defensa y Traducci\u00f3n, A. C.\u201d, (Cepiadet),Tom\u00e1s L\u00f3pez Sarabia, se\u00f1al\u00f3 que en Oaxaca los int\u00e9rpretes se enfrentan a pagos injustos por su labor, que se limitan en 400 pesos, a la falta de movilidad de parte de las instituciones &nbsp;para poder llegar a las audiencias donde lo requiera un hablante de lengua ind\u00edgena.<\/p>\n\n\n\n<p>Lo grave de Oaxaca es que al contar con una amplia poblaci\u00f3n ind\u00edgena del 70 por ciento, de la que m\u00e1s de 1.2 millones hablan una lengua madre, la pol\u00edtica p\u00fablica deber\u00eda estar basada en esa poblaci\u00f3n, pero no lo es, y el gobierno se justifica en que no hay presupuesto para la parte de los int\u00e9rpretes.<\/p>\n\n\n\n<p>Eso impacta en la defensa de los derechos de las personas ind\u00edgenas, principalmente de quienes se encuentran privadas de su libertad; pues adem\u00e1s, otros retos se encuentran en el acceso a la salud y la seguridad, agreg\u00f3 el representante de Cepiadet.<\/p>\n\n\n\n<p>En Oaxaca se concentra el 48 por ciento de la diversidad ling\u00fc\u00edstica de M\u00e9xico, pero en el \u00e1mbito de la defensor\u00eda p\u00fablica de Oaxaca, s\u00f3lo existen 21 defensores que hablan una lengua ind\u00edgena.<\/p>\n\n\n\n<p>De acuerdo con la Encuentra Nacional de las Personas Privada de la Libertad, realizada por el Inegi, en Oaxaca el 40 por ciento de esos ciudadanos no cuentan con las condiciones para hacer efectivo el derecho de un traductor en su proceso de justicia.<\/p>\n\n\n\n<p>A trav\u00e9s del foro, los int\u00e9rpretes reflexionan sobre los derechos ling\u00fc\u00edsticos, incidencia desde la comunidades e instituciones, as\u00ed como realizar\u00e1n una planeaci\u00f3n estrat\u00e9gica para garantizar tambi\u00e9n la labor de ellos.<\/p>\n\n\n\n<p>En el encuentro participa la organizaci\u00f3n Mediadores Biling\u00fces A.C, Defensor\u00eda de los Derechos Humanos del Pueblo de Oaxaca, Traductores Ind\u00edgenas de M\u00e9xico, Instituto Nacional de los Pueblos Ind\u00edgenas, entre otros representantes de estados como Chiapas, Campeche, Guerrero y Veracruz.<\/p>\n","protected":false},"excerpt":{"rendered":"<p>Yuridiana Sosa\/Zona Roja. Oaxaca de Ju\u00e1rez, Oax., 19 de noviembre de 2022.- Pese a que&hellip;<\/p>\n","protected":false},"author":2,"featured_media":48233,"comment_status":"closed","ping_status":"open","sticky":false,"template":"","format":"standard","meta":{"_lmt_disableupdate":"","_lmt_disable":"","_jetpack_memberships_contains_paid_content":false,"footnotes":""},"categories":[109,47],"tags":[1894],"class_list":["post-48236","post","type-post","status-publish","format-standard","has-post-thumbnail","hentry","category-minuto-a-minuto","category-zona-gris","tag-defensa-y-traduccion-cepiadet"],"jetpack_featured_media_url":"https:\/\/zonaroja.com.mx\/wp-content\/uploads\/2022\/11\/Conferencia-de-prensa-Cepiadet-lenguas-indigenas-traductores.jpg","jetpack_sharing_enabled":true,"_links":{"self":[{"href":"https:\/\/zonaroja.com.mx\/index.php?rest_route=\/wp\/v2\/posts\/48236","targetHints":{"allow":["GET"]}}],"collection":[{"href":"https:\/\/zonaroja.com.mx\/index.php?rest_route=\/wp\/v2\/posts"}],"about":[{"href":"https:\/\/zonaroja.com.mx\/index.php?rest_route=\/wp\/v2\/types\/post"}],"author":[{"embeddable":true,"href":"https:\/\/zonaroja.com.mx\/index.php?rest_route=\/wp\/v2\/users\/2"}],"replies":[{"embeddable":true,"href":"https:\/\/zonaroja.com.mx\/index.php?rest_route=%2Fwp%2Fv2%2Fcomments&post=48236"}],"version-history":[{"count":1,"href":"https:\/\/zonaroja.com.mx\/index.php?rest_route=\/wp\/v2\/posts\/48236\/revisions"}],"predecessor-version":[{"id":48237,"href":"https:\/\/zonaroja.com.mx\/index.php?rest_route=\/wp\/v2\/posts\/48236\/revisions\/48237"}],"wp:featuredmedia":[{"embeddable":true,"href":"https:\/\/zonaroja.com.mx\/index.php?rest_route=\/wp\/v2\/media\/48233"}],"wp:attachment":[{"href":"https:\/\/zonaroja.com.mx\/index.php?rest_route=%2Fwp%2Fv2%2Fmedia&parent=48236"}],"wp:term":[{"taxonomy":"category","embeddable":true,"href":"https:\/\/zonaroja.com.mx\/index.php?rest_route=%2Fwp%2Fv2%2Fcategories&post=48236"},{"taxonomy":"post_tag","embeddable":true,"href":"https:\/\/zonaroja.com.mx\/index.php?rest_route=%2Fwp%2Fv2%2Ftags&post=48236"}],"curies":[{"name":"wp","href":"https:\/\/api.w.org\/{rel}","templated":true}]}}