{"id":48238,"date":"2022-11-19T07:23:13","date_gmt":"2022-11-19T13:23:13","guid":{"rendered":"http:\/\/www.zonaroja.com.mx\/?p=48238"},"modified":"2022-11-19T07:23:16","modified_gmt":"2022-11-19T13:23:16","slug":"logra-fiscalia-condena-contra-feminicida-de-su-pareja-en-juchitan","status":"publish","type":"post","link":"https:\/\/zonaroja.com.mx\/?p=48238","title":{"rendered":"Logra Fiscal\u00eda condena contra feminicida de su pareja en Juchit\u00e1n"},"content":{"rendered":"\n<p>Redacci\u00f3n\/Zona Roja.<\/p>\n\n\n\n<p>Oaxaca de Ju\u00e1rez, Oax., a 19 de noviembre de 2022.- La labor de investigaci\u00f3n y resoluci\u00f3n de casos de la Fiscal\u00eda General del Estado de Oaxaca (FGEO) dio como resultado que el Tribunal de Enjuiciamiento emitiera fallo condenatorio contra la persona del sexo masculino identificada como A. C. L., responsable del delito de feminicidio en agravio de quien en vida respondi\u00f3 al nombre de C. L. L., cometido en la Heroica Ciudad de Juchit\u00e1n de Zaragoza, en la regi\u00f3n del Istmo.<\/p>\n\n\n\n<p>De acuerdo con la carpeta de investigaci\u00f3n 4220\/JUCHITAN\/2021, el 5 de febrero de 2021, aproximadamente entre las 10:00 y 11:00 horas, el imputado agredi\u00f3 de manera f\u00edsica a la v\u00edctima, provoc\u00e1ndole graves lesiones que ocasionaron su muerte el 19 de febrero de 2021 en la referida demarcaci\u00f3n.<\/p>\n\n\n\n<p>Ante este hecho, la instituci\u00f3n de procuraci\u00f3n de justicia intervino -a trav\u00e9s de la Fiscal\u00eda Especializada en Atenci\u00f3n a Delitos contra la Mujer por Raz\u00f3n de G\u00e9nero-, logrando la aprehensi\u00f3n del feminicida y su posterior vinculaci\u00f3n a proceso.<\/p>\n\n\n\n<p>Respecto a la situaci\u00f3n jur\u00eddica de A. C. L., el Tribunal de Enjuiciamiento dict\u00f3 fallo condenatorio en su contra, cuya audiencia de lectura de sentencia se llevar\u00e1 a cabo el pr\u00f3ximo 25 de noviembre del a\u00f1o en curso.<\/p>\n\n\n\n<p>TAMBI\u00c9N VS. HOMICIDA<\/p>\n\n\n\n<p>En otro caso, la Fiscal\u00eda General del Estado obtuvo, del Tribunal de Enjuiciamiento, fallo condenatorio en contra de la persona del sexo masculino identificado como M. B. T., responsable del delito de homicidio calificado con ventaja en agravio de quien en vida respondi\u00f3 al nombre de H. H. P., cometido en febrero de 2019, en jurisdicci\u00f3n de Santa Mar\u00eda Huatulco, en la regi\u00f3n de la Costa.<\/p>\n\n\n\n<p>De acuerdo con la causa penal 391\/2019, el 21 de febrero de 2019, aproximadamente a las 07:00 horas, el sentenciado priv\u00f3 de la vida a la v\u00edctima con disparos de arma de fuego, cuando se encontraban en el interior de un veh\u00edculo estacionado en inmediaciones del tramo Pinotepa Nacional \u2013 Bah\u00edas de Huatulco, en la referida demarcaci\u00f3n.<\/p>\n\n\n\n<p>Ante este hecho, la instituci\u00f3n de procuraci\u00f3n de justicia intervino -a trav\u00e9s de la Vicefiscal\u00eda Regional de la Costa-, logrando identificar, aprehender y presentar al homicida ante el Juez de la causa, quien determin\u00f3 vincularlo a proceso.<\/p>\n\n\n\n<p>Respecto a la situaci\u00f3n jur\u00eddica de M. B. T., en audiencia, el Tribunal de Enjuiciamiento dict\u00f3 fallo condenatorio en su contra, cuya lectura de sentencia se llevar\u00e1 a cabo en los pr\u00f3ximos d\u00edas.<\/p>\n\n\n\n<p>AGRESOR SEXUAL<\/p>\n\n\n\n<p>Asimismo, la Fiscal\u00eda obtuvo, del Juzgado de Control, auto de vinculaci\u00f3n a proceso contra la persona del sexo masculino identificada como E. R. G., probable responsable del delito de abuso sexual y violaci\u00f3n agravada en contra de una adolescente -de identidad reservada por Ley-, cometido en jurisdicci\u00f3n de Sola de Vega, en la regi\u00f3n de la Sierra Sur.&nbsp;&nbsp;&nbsp;&nbsp;&nbsp;&nbsp;&nbsp;&nbsp;&nbsp;&nbsp;&nbsp;&nbsp;&nbsp;&nbsp;&nbsp;&nbsp;&nbsp;&nbsp;&nbsp;&nbsp;&nbsp;&nbsp;&nbsp;&nbsp;&nbsp;&nbsp;&nbsp;&nbsp;&nbsp;&nbsp;&nbsp;&nbsp;&nbsp;<\/p>\n\n\n\n<p>De acuerdo con la causa penal 88\/2022, el imputado probablemente agredi\u00f3 de manera sexual a la v\u00edctima adolescente cuando esta se encontraba al interior de su domicilio, ubicado en el referido municipio.&nbsp;<\/p>\n\n\n\n<p>Ante estos hechos y tras la denuncia presentada, intervino la Instituci\u00f3n de procuraci\u00f3n de justicia e inicio una exhaustiva investigaci\u00f3n que permiti\u00f3 la aprehensi\u00f3n del probable agresor sexual quien fue presentado ante la autoridad judicial correspondiente.<\/p>\n\n\n\n<p>Respecto a la situaci\u00f3n jur\u00eddica de E. R. G., en audiencia y tras validar los datos de prueba aportados por la Vicefiscal\u00eda General de Control Regional, el Juez de Control dicto auto de vinculaci\u00f3n a proceso en su contra, imponiendo la medida cautelar de prisi\u00f3n preventiva oficiosa y otorg\u00f3 tres meses para el cierre de investigaci\u00f3n complementaria.<\/p>\n\n\n\n<p>La defensa de ni\u00f1as, ni\u00f1os y adolescentes representa un compromiso ineludible para la Fiscal\u00eda de Oaxaca, presentando ante la justicia a quienes atentan contra sus derechos e integridad.<\/p>\n","protected":false},"excerpt":{"rendered":"<p>Redacci\u00f3n\/Zona Roja. Oaxaca de Ju\u00e1rez, Oax., a 19 de noviembre de 2022.- La labor de&hellip;<\/p>\n","protected":false},"author":2,"featured_media":48239,"comment_status":"closed","ping_status":"open","sticky":false,"template":"","format":"standard","meta":{"_lmt_disableupdate":"","_lmt_disable":"","_jetpack_memberships_contains_paid_content":false,"footnotes":""},"categories":[109,46],"tags":[494],"class_list":["post-48238","post","type-post","status-publish","format-standard","has-post-thumbnail","hentry","category-minuto-a-minuto","category-zona-blanca","tag-fiscalia-general-del-estado-de-oaxaca"],"jetpack_featured_media_url":"https:\/\/zonaroja.com.mx\/wp-content\/uploads\/2022\/11\/Feminicidios-violencia-Juchitan-Oaxaca.jpg","jetpack_sharing_enabled":true,"_links":{"self":[{"href":"https:\/\/zonaroja.com.mx\/index.php?rest_route=\/wp\/v2\/posts\/48238","targetHints":{"allow":["GET"]}}],"collection":[{"href":"https:\/\/zonaroja.com.mx\/index.php?rest_route=\/wp\/v2\/posts"}],"about":[{"href":"https:\/\/zonaroja.com.mx\/index.php?rest_route=\/wp\/v2\/types\/post"}],"author":[{"embeddable":true,"href":"https:\/\/zonaroja.com.mx\/index.php?rest_route=\/wp\/v2\/users\/2"}],"replies":[{"embeddable":true,"href":"https:\/\/zonaroja.com.mx\/index.php?rest_route=%2Fwp%2Fv2%2Fcomments&post=48238"}],"version-history":[{"count":1,"href":"https:\/\/zonaroja.com.mx\/index.php?rest_route=\/wp\/v2\/posts\/48238\/revisions"}],"predecessor-version":[{"id":48240,"href":"https:\/\/zonaroja.com.mx\/index.php?rest_route=\/wp\/v2\/posts\/48238\/revisions\/48240"}],"wp:featuredmedia":[{"embeddable":true,"href":"https:\/\/zonaroja.com.mx\/index.php?rest_route=\/wp\/v2\/media\/48239"}],"wp:attachment":[{"href":"https:\/\/zonaroja.com.mx\/index.php?rest_route=%2Fwp%2Fv2%2Fmedia&parent=48238"}],"wp:term":[{"taxonomy":"category","embeddable":true,"href":"https:\/\/zonaroja.com.mx\/index.php?rest_route=%2Fwp%2Fv2%2Fcategories&post=48238"},{"taxonomy":"post_tag","embeddable":true,"href":"https:\/\/zonaroja.com.mx\/index.php?rest_route=%2Fwp%2Fv2%2Ftags&post=48238"}],"curies":[{"name":"wp","href":"https:\/\/api.w.org\/{rel}","templated":true}]}}