{"id":48241,"date":"2022-11-19T07:25:24","date_gmt":"2022-11-19T13:25:24","guid":{"rendered":"http:\/\/www.zonaroja.com.mx\/?p=48241"},"modified":"2022-11-19T07:25:26","modified_gmt":"2022-11-19T13:25:26","slug":"diserta-especialista-sobre-trascendencia-de-la-reforma-judicial-de-2021","status":"publish","type":"post","link":"https:\/\/zonaroja.com.mx\/?p=48241","title":{"rendered":"Diserta especialista sobre trascendencia de la Reforma judicial de 2021"},"content":{"rendered":"\n<p>Redacci\u00f3n\/Zona Roja.<\/p>\n\n\n\n<p>Oaxaca de Ju\u00e1rez, Oax., a 19 de noviembre de 2022.- La reforma constitucional en materia de justicia federal del 11 de marzo de 2021, que modific\u00f3 el sistema de creaci\u00f3n de jurisprudencia en nuestro pa\u00eds,&nbsp;es decir el conjunto de sentencias y dem\u00e1s resoluciones judiciales, es&nbsp;de las m\u00e1s trascendentes e implica un cambio cultural, social y jur\u00eddico, afirm\u00f3&nbsp;el doctor Ricardo Sep\u00falveda&nbsp;Igu\u00edniz,&nbsp;director general de la Coordinaci\u00f3n de Compilaci\u00f3n y Sistematizaci\u00f3n de Tesis&nbsp;de la Suprema Corte de Justicia de la Naci\u00f3n (SCJN).<\/p>\n\n\n\n<p>A invitaci\u00f3n del Poder Judicial de Oaxaca, en el marco&nbsp;de la&nbsp;colaboraci\u00f3n&nbsp;y&nbsp;las&nbsp;actividades de&nbsp;actualizaci\u00f3n que se realizan conjuntamente con el m\u00e1ximo tribunal del pa\u00eds, el&nbsp;Doctor en Derecho Constitucional y maestro por la Universidad Panamericana, abogado por la Universidad Libre de Derecho, con especialidad en Derechos Humanos por la Universidad de Nottingham, Inglaterra,&nbsp;dict\u00f3 la conferencia magistral&nbsp;\u201cUnd\u00e9cima \u00c9poca, la nueva etapa de la Jurisprudencia\u201d,&nbsp;donde&nbsp;abord\u00f3 la trascendencia de estos cambios&nbsp;que consider\u00f3&nbsp;necesarios y acordes a los tiempos que vivimos.&nbsp;<\/p>\n\n\n\n<p>Explic\u00f3 que&nbsp;cada argumento y cada interpretaci\u00f3n que contengan los fallos constituyen&nbsp;un eslab\u00f3n m\u00e1s en la construcci\u00f3n de los&nbsp;derechos;&nbsp;adem\u00e1s&nbsp;de establecerse que las razones que justifiquen las decisiones contenidas en las sentencias dictadas por el Pleno de la Suprema Corte de Justicia de la Naci\u00f3n por mayor\u00eda de ocho votos, y por las Salas, por mayor\u00eda de cuatro votos, ser\u00e1n obligatorias para todas las autoridades jurisdiccionales de la Federaci\u00f3n y de las entidades federativas.<\/p>\n\n\n\n<p>El doctor Ricardo Sep\u00falveda&nbsp;Igu\u00edniz&nbsp;destac\u00f3 la importancia de que los operadores jur\u00eddicos que integran los poderes judiciales del pa\u00eds conozcan las herramientas de consulta que la SCJN ha generado para difundir los criterios obligatorios y relevantes del Poder Judicial de la Federaci\u00f3n, con el fin de fortalecer el acceso a la justicia y la protecci\u00f3n de derechos humanos.<\/p>\n\n\n\n<p>En la conferencia magistral, que se desarroll\u00f3&nbsp;en el auditorio \u201cBenito Ju\u00e1rez\u201d del edificio de los Juzgados Civiles y Familiares del Centro&nbsp;y a la que&nbsp;tuvieron acceso m\u00e1s de 300 abogadas, abogados&nbsp;y funcionarios judiciales de Oaxaca, Veracruz, Guerrero y Ciudad de M\u00e9xico,&nbsp;acompa\u00f1aron al ponente el&nbsp;consejero de la Judicatura, maestro&nbsp;Francisco Jos\u00e9 Espinosa&nbsp;Santib\u00e1\u00f1ez&nbsp;y el director de la Escuela Judicial,&nbsp;maestro&nbsp;H\u00e9ctor Humberto V\u00e1squez Quevedo.<\/p>\n","protected":false},"excerpt":{"rendered":"<p>Redacci\u00f3n\/Zona Roja. Oaxaca de Ju\u00e1rez, Oax., a 19 de noviembre de 2022.- La reforma constitucional&hellip;<\/p>\n","protected":false},"author":2,"featured_media":48242,"comment_status":"closed","ping_status":"open","sticky":false,"template":"","format":"standard","meta":{"_lmt_disableupdate":"","_lmt_disable":"","_jetpack_memberships_contains_paid_content":false,"footnotes":""},"categories":[109,46],"tags":[223],"class_list":["post-48241","post","type-post","status-publish","format-standard","has-post-thumbnail","hentry","category-minuto-a-minuto","category-zona-blanca","tag-poder-judicial-de-oaxaca"],"jetpack_featured_media_url":"https:\/\/zonaroja.com.mx\/wp-content\/uploads\/2022\/11\/Se-realizo-conferencia-magistral.jpeg","jetpack_sharing_enabled":true,"_links":{"self":[{"href":"https:\/\/zonaroja.com.mx\/index.php?rest_route=\/wp\/v2\/posts\/48241","targetHints":{"allow":["GET"]}}],"collection":[{"href":"https:\/\/zonaroja.com.mx\/index.php?rest_route=\/wp\/v2\/posts"}],"about":[{"href":"https:\/\/zonaroja.com.mx\/index.php?rest_route=\/wp\/v2\/types\/post"}],"author":[{"embeddable":true,"href":"https:\/\/zonaroja.com.mx\/index.php?rest_route=\/wp\/v2\/users\/2"}],"replies":[{"embeddable":true,"href":"https:\/\/zonaroja.com.mx\/index.php?rest_route=%2Fwp%2Fv2%2Fcomments&post=48241"}],"version-history":[{"count":1,"href":"https:\/\/zonaroja.com.mx\/index.php?rest_route=\/wp\/v2\/posts\/48241\/revisions"}],"predecessor-version":[{"id":48243,"href":"https:\/\/zonaroja.com.mx\/index.php?rest_route=\/wp\/v2\/posts\/48241\/revisions\/48243"}],"wp:featuredmedia":[{"embeddable":true,"href":"https:\/\/zonaroja.com.mx\/index.php?rest_route=\/wp\/v2\/media\/48242"}],"wp:attachment":[{"href":"https:\/\/zonaroja.com.mx\/index.php?rest_route=%2Fwp%2Fv2%2Fmedia&parent=48241"}],"wp:term":[{"taxonomy":"category","embeddable":true,"href":"https:\/\/zonaroja.com.mx\/index.php?rest_route=%2Fwp%2Fv2%2Fcategories&post=48241"},{"taxonomy":"post_tag","embeddable":true,"href":"https:\/\/zonaroja.com.mx\/index.php?rest_route=%2Fwp%2Fv2%2Ftags&post=48241"}],"curies":[{"name":"wp","href":"https:\/\/api.w.org\/{rel}","templated":true}]}}