{"id":48244,"date":"2022-11-19T07:37:00","date_gmt":"2022-11-19T13:37:00","guid":{"rendered":"http:\/\/www.zonaroja.com.mx\/?p=48244"},"modified":"2022-11-19T07:37:02","modified_gmt":"2022-11-19T13:37:02","slug":"con-violencia-boicotea-catem-joven-el-buen-fin-en-oaxaca","status":"publish","type":"post","link":"https:\/\/zonaroja.com.mx\/?p=48244","title":{"rendered":"Con violencia, boicotea CATEM Joven el \u201cBuen Fin\u201d en Oaxaca"},"content":{"rendered":"\n<p>Redacci\u00f3n\/Zona Roja.<\/p>\n\n\n\n<p>Oaxaca de Ju\u00e1rez, Oax., a 19 de noviembre de 2022.- Un grupo de taxistas y mototaxistas afiliados a CATEM Joven boicote\u00f3 por unas horas el \u201cBuen Fin\u201d en la tienda departamental Sam\u2019s Club Oaxaca, ubicado en Plaza del Valle, al sur de la capital oaxaque\u00f1a.<\/p>\n\n\n\n<p>Fue alrededor del mediod\u00eda de este viernes en que arribaron los transportistas, varios de ellos con capuchas y cubrebocas, que imped\u00edan ver su rostro, para reclamar espacios en otro centro comercial ubicado en la avenida S\u00edmbolos Patrios, jurisdicci\u00f3n de Santa Cruz Xoxocotl\u00e1n.<\/p>\n\n\n\n<p>Con pancartas y con la amenaza de ingresar de manera violenta, exig\u00edan asimismo afiliar a los trabajadores de la empresa Walmart, por lo que los directivos de Sam\u2019s tuvieron que cerrar uno de los dos accesos a la tienda y colocar guardias de seguridad.<\/p>\n\n\n\n<p>No obstante, ante la presencia de los manifestantes, los responsables de la compa\u00f1\u00eda prepararon un blindaje met\u00e1lico al acceso.<\/p>\n\n\n\n<p>Por varias horas los manifestantes se mantuvieron en el acceso de la tienda, complicando las compras de \u201cBuen Fin\u201d que hac\u00edan cientos de personas.<\/p>\n\n\n\n<p>Dos elementos de la polic\u00eda municipal arribaron al lugar dos horas despu\u00e9s de iniciada la protesta pero solamente para tomar nota de la manifestaci\u00f3n.<\/p>\n\n\n\n<figure class=\"wp-block-embed is-type-rich is-provider-twitter wp-block-embed-twitter\"><div class=\"wp-block-embed__wrapper\">\n<div class=\"twitter-tweet\"><blockquote class=\"twitter-tweet\" data-lang=\"es\"><p lang=\"es\" dir=\"ltr\"><a href=\"https:\/\/twitter.com\/hashtag\/%C3%9AltimoMinuto?src=hash&amp;ref_src=twsrc%5Etfw\">#\u00daltimoMinuto<\/a> <br>Al iniciar el \u201cBuen Fin\u201d, un grupo de personas protesta en la tienda <a href=\"https:\/\/twitter.com\/SamsClubMexico?ref_src=twsrc%5Etfw\">@SamsClubMexico<\/a> ubicada en Plaza Del Valle, al sur de la ciudad de Oaxaca, por un conflicto laboral. <a href=\"https:\/\/t.co\/hRgm6dgH4P\">pic.twitter.com\/hRgm6dgH4P<\/a><\/p>&mdash; Zona Roja Oaxaca (@ZonaRoja_Oaxaca) <a href=\"https:\/\/twitter.com\/ZonaRoja_Oaxaca\/status\/1593688551517978625?ref_src=twsrc%5Etfw\">18 de noviembre de 2022<\/a><\/blockquote><\/div>\n<\/div><\/figure>\n","protected":false},"excerpt":{"rendered":"<p>Redacci\u00f3n\/Zona Roja. Oaxaca de Ju\u00e1rez, Oax., a 19 de noviembre de 2022.- Un grupo de&hellip;<\/p>\n","protected":false},"author":2,"featured_media":48232,"comment_status":"closed","ping_status":"open","sticky":false,"template":"","format":"standard","meta":{"_lmt_disableupdate":"","_lmt_disable":"","_jetpack_memberships_contains_paid_content":false,"footnotes":""},"categories":[109,47],"tags":[3320],"class_list":["post-48244","post","type-post","status-publish","format-standard","has-post-thumbnail","hentry","category-minuto-a-minuto","category-zona-gris","tag-catem-joven"],"jetpack_featured_media_url":"https:\/\/zonaroja.com.mx\/wp-content\/uploads\/2022\/11\/Confederacion-Joven-Sams-Club-Oaxaca.jpg","jetpack_sharing_enabled":true,"_links":{"self":[{"href":"https:\/\/zonaroja.com.mx\/index.php?rest_route=\/wp\/v2\/posts\/48244","targetHints":{"allow":["GET"]}}],"collection":[{"href":"https:\/\/zonaroja.com.mx\/index.php?rest_route=\/wp\/v2\/posts"}],"about":[{"href":"https:\/\/zonaroja.com.mx\/index.php?rest_route=\/wp\/v2\/types\/post"}],"author":[{"embeddable":true,"href":"https:\/\/zonaroja.com.mx\/index.php?rest_route=\/wp\/v2\/users\/2"}],"replies":[{"embeddable":true,"href":"https:\/\/zonaroja.com.mx\/index.php?rest_route=%2Fwp%2Fv2%2Fcomments&post=48244"}],"version-history":[{"count":1,"href":"https:\/\/zonaroja.com.mx\/index.php?rest_route=\/wp\/v2\/posts\/48244\/revisions"}],"predecessor-version":[{"id":48245,"href":"https:\/\/zonaroja.com.mx\/index.php?rest_route=\/wp\/v2\/posts\/48244\/revisions\/48245"}],"wp:featuredmedia":[{"embeddable":true,"href":"https:\/\/zonaroja.com.mx\/index.php?rest_route=\/wp\/v2\/media\/48232"}],"wp:attachment":[{"href":"https:\/\/zonaroja.com.mx\/index.php?rest_route=%2Fwp%2Fv2%2Fmedia&parent=48244"}],"wp:term":[{"taxonomy":"category","embeddable":true,"href":"https:\/\/zonaroja.com.mx\/index.php?rest_route=%2Fwp%2Fv2%2Fcategories&post=48244"},{"taxonomy":"post_tag","embeddable":true,"href":"https:\/\/zonaroja.com.mx\/index.php?rest_route=%2Fwp%2Fv2%2Ftags&post=48244"}],"curies":[{"name":"wp","href":"https:\/\/api.w.org\/{rel}","templated":true}]}}