{"id":48248,"date":"2022-11-19T07:49:00","date_gmt":"2022-11-19T13:49:00","guid":{"rendered":"http:\/\/www.zonaroja.com.mx\/?p=48248"},"modified":"2022-11-19T07:49:02","modified_gmt":"2022-11-19T13:49:02","slug":"avion-arrasa-con-camion-de-bomberos-en-peru-y-deja-dos-muertos","status":"publish","type":"post","link":"https:\/\/zonaroja.com.mx\/?p=48248","title":{"rendered":"Avi\u00f3n arrasa con cami\u00f3n de bomberos en Per\u00fa y deja dos muertos"},"content":{"rendered":"\n<p>Redacci\u00f3n\/Zona Roja Cdmx.<\/p>\n\n\n\n<p>Ciudad de M\u00e9xico, a 19 de noviembre de 2022.- Un avi\u00f3n de Latam Airlines choc\u00f3 el viernes con un veh\u00edculo en la pista de aterrizaje del Aeropuerto Internacional \u201cJorge Ch\u00e1vez\u201d de Per\u00fa mientras estaba despegando, dijo la compa\u00f1\u00eda, lo que provoc\u00f3 la muerte de dos bomberos que estaban en tierra.<\/p>\n\n\n\n<p>No se report\u00f3 por el incidente v\u00edctimas fatales entre los 102 pasajeros y los seis miembros de la tripulaci\u00f3n, dijo Latam Airlines en un comunicado. Por precauci\u00f3n todos fueron enviados a centros asistenciales, agreg\u00f3 la compa\u00f1\u00eda.<\/p>\n\n\n\n<p>\u00abA la hora que (el avi\u00f3n) estaba en la pista de despegue impact\u00f3 con un veh\u00edculo de los bomberos aeron\u00e1uticos del aeropuerto, a consecuencia de eso dos bomberos han fallecido\u00bb, dijo el comandante de la brigada de bomberos, Luis Ponce, a la estaci\u00f3n de televisi\u00f3n local Canal N.<\/p>\n\n\n\n<p>Un tercer bombero del veh\u00edculo result\u00f3 herido, agreg\u00f3.<\/p>\n\n\n\n<p>El ministerio de Salud dijo que 61 pasajeros fueron trasladados a cl\u00ednicas y hospitales cercanos. \u00abDel total de pasajeros, ninguno ha resultado herido de gravedad\u00bb, agreg\u00f3.<\/p>\n\n\n\n<p>Latam Airlines inform\u00f3 que la unidad de los bomberos hab\u00eda ingresado a la pista de aterrizaje cuando el avi\u00f3n estaba despegando, causando la colisi\u00f3n de las unidades.<\/p>\n\n\n\n<p>No estaba claro por qu\u00e9 el veh\u00edculo de los bomberos ingres\u00f3 en ese momento en la pista. La fiscal\u00eda dijo que investiga el incidente como un posible homicidio involuntario.<\/p>\n\n\n\n<p>Un video publicado en las redes sociales mostr\u00f3 el avi\u00f3n de pasajeros chocando con el veh\u00edculo mientras la nave se precipitaba por la pista. Luego se incendi\u00f3 parcialmente y los bomberos lograran apagar el fuego con espumas qu\u00edmicas. Una de las alas del avi\u00f3n qued\u00f3 partida.<\/p>\n\n\n\n<p>Lima Airport Partners, que opera el aeropuerto Jorge Ch\u00e1vez en Lima, el m\u00e1s importante del pa\u00eds, hab\u00eda informado anteriormente que todos los pasajeros resultaron ilesos.<\/p>\n\n\n\n<p>El vuelo LA2213, que estuvo involucrado en el accidente, iba a cubrir la ruta dom\u00e9stica Lima-Juliaca, dijo Latam Airlines.<\/p>\n\n\n\n<p>En tanto, todas las operaciones en el aeropuerto de Lima fueron suspendidas hasta las 13.00 hora local (18000 GMT) del s\u00e1bado, dijo Lima Airport Partners.<\/p>\n\n\n\n<p>(Informaci\u00f3n de agencias en \u201cEl Economista\u201d)<\/p>\n","protected":false},"excerpt":{"rendered":"<p>Redacci\u00f3n\/Zona Roja Cdmx. Ciudad de M\u00e9xico, a 19 de noviembre de 2022.- Un avi\u00f3n de&hellip;<\/p>\n","protected":false},"author":2,"featured_media":48249,"comment_status":"closed","ping_status":"open","sticky":false,"template":"","format":"standard","meta":{"_lmt_disableupdate":"","_lmt_disable":"","_jetpack_memberships_contains_paid_content":false,"footnotes":""},"categories":[109,47],"tags":[],"class_list":["post-48248","post","type-post","status-publish","format-standard","has-post-thumbnail","hentry","category-minuto-a-minuto","category-zona-gris"],"jetpack_featured_media_url":"https:\/\/zonaroja.com.mx\/wp-content\/uploads\/2022\/11\/Avion-Peru-choque.webp","jetpack_sharing_enabled":true,"_links":{"self":[{"href":"https:\/\/zonaroja.com.mx\/index.php?rest_route=\/wp\/v2\/posts\/48248","targetHints":{"allow":["GET"]}}],"collection":[{"href":"https:\/\/zonaroja.com.mx\/index.php?rest_route=\/wp\/v2\/posts"}],"about":[{"href":"https:\/\/zonaroja.com.mx\/index.php?rest_route=\/wp\/v2\/types\/post"}],"author":[{"embeddable":true,"href":"https:\/\/zonaroja.com.mx\/index.php?rest_route=\/wp\/v2\/users\/2"}],"replies":[{"embeddable":true,"href":"https:\/\/zonaroja.com.mx\/index.php?rest_route=%2Fwp%2Fv2%2Fcomments&post=48248"}],"version-history":[{"count":1,"href":"https:\/\/zonaroja.com.mx\/index.php?rest_route=\/wp\/v2\/posts\/48248\/revisions"}],"predecessor-version":[{"id":48250,"href":"https:\/\/zonaroja.com.mx\/index.php?rest_route=\/wp\/v2\/posts\/48248\/revisions\/48250"}],"wp:featuredmedia":[{"embeddable":true,"href":"https:\/\/zonaroja.com.mx\/index.php?rest_route=\/wp\/v2\/media\/48249"}],"wp:attachment":[{"href":"https:\/\/zonaroja.com.mx\/index.php?rest_route=%2Fwp%2Fv2%2Fmedia&parent=48248"}],"wp:term":[{"taxonomy":"category","embeddable":true,"href":"https:\/\/zonaroja.com.mx\/index.php?rest_route=%2Fwp%2Fv2%2Fcategories&post=48248"},{"taxonomy":"post_tag","embeddable":true,"href":"https:\/\/zonaroja.com.mx\/index.php?rest_route=%2Fwp%2Fv2%2Ftags&post=48248"}],"curies":[{"name":"wp","href":"https:\/\/api.w.org\/{rel}","templated":true}]}}