{"id":4825,"date":"2019-10-14T18:27:43","date_gmt":"2019-10-14T23:27:43","guid":{"rendered":"http:\/\/www.zonaroja.com.mx\/?p=4825"},"modified":"2019-10-14T18:27:48","modified_gmt":"2019-10-14T23:27:48","slug":"chocan-traileres-y-muere-un-chofer-culpan-a-toma-de-caseta-por-maestros","status":"publish","type":"post","link":"https:\/\/zonaroja.com.mx\/?p=4825","title":{"rendered":"Chocan tr\u00e1ileres y muere un chofer; culpan a \u201ctoma\u201d de caseta por maestros"},"content":{"rendered":"\n<p>Redacci\u00f3n\/Zona Roja.<\/p>\n\n\n\n<p>Oaxaca de Ju\u00e1rez, Oax., 14 de octubre\nde 2019.- Una persona calcinada y cuantiosos da\u00f1os materiales es el saldo de un\npercance entre dos tr\u00e1ileres, tras incendiarse las unidades de motor.<\/p>\n\n\n\n<p>El accidente ocurri\u00f3 alrededor de las 16:00 horas, aproximadamente en el kil\u00f3metro 218 de la supercarretera Oaxaca-Cuacnopalan, cerca de la caseta de peaje en jurisdicci\u00f3n de San Pablo Huitzo.<\/p>\n\n\n\n<figure class=\"wp-block-image\"><img decoding=\"async\" width=\"640\" height=\"480\" src=\"http:\/\/www.zonaroja.com.mx\/wp-content\/uploads\/2019\/10\/Image-1-28.png\" alt=\"\" class=\"wp-image-4826\" srcset=\"https:\/\/zonaroja.com.mx\/wp-content\/uploads\/2019\/10\/Image-1-28.png 640w, https:\/\/zonaroja.com.mx\/wp-content\/uploads\/2019\/10\/Image-1-28-300x225.png 300w, https:\/\/zonaroja.com.mx\/wp-content\/uploads\/2019\/10\/Image-1-28-585x439.png 585w\" sizes=\"(max-width: 640px) 100vw, 640px\" \/><\/figure>\n\n\n\n<p>Uno de los choferes que sali\u00f3 ileso\nresponsabiliz\u00f3 al bloqueo por parte de maestros del sector Tlaxiaco que desde\ntemprano se posesionaron del sitio, para exigir al Gobierno del Estado la\nreconstrucci\u00f3n de escuelas en la regi\u00f3n Mixteca.<\/p>\n\n\n\n<p>\u201cComo est\u00e1 tomada la carretera, me par\u00e9 y me dijeron que hiciera un poco para atr\u00e1s, cuando se impacta un compa\u00f1ero; cuando veo empieza a agarrar lumbre un carro\u201d, dijo C\u00e9sar Fuentes, el conductor de una unidad pesada que proced\u00eda de Monterrey, Nuevo L\u00e9on, con destino a la capital oaxaque\u00f1a.<\/p>\n\n\n\n<figure class=\"wp-block-embed-twitter wp-block-embed is-type-rich is-provider-twitter\"><div class=\"wp-block-embed__wrapper\">\n<div class=\"twitter-tweet\"><blockquote class=\"twitter-tweet\" data-lang=\"es\"><p lang=\"es\" dir=\"ltr\">Confirman una persona fallecida en el accidente entre dos tr\u00e1ileres, que se incendiaron esta tarde en el kil\u00f3metro 218 de la supercarretera Oaxaca-Cuacnopalan. <a href=\"https:\/\/t.co\/hxvUxeb3gi\">pic.twitter.com\/hxvUxeb3gi<\/a><\/p>&mdash; Zona Roja Oaxaca (@MexRoja) <a href=\"https:\/\/twitter.com\/MexRoja\/status\/1183863629176815616?ref_src=twsrc%5Etfw\">14 de octubre de 2019<\/a><\/blockquote><\/div>\n<\/div><\/figure>\n\n\n\n<p>Personal del Heroico Cuerpo de Bomberos de Oaxaca arrib\u00f3 al lugar y luego de m\u00e1s de dos horas de labores, logr\u00f3 sofocar el fuego.<\/p>\n\n\n\n<figure class=\"wp-block-image\"><img decoding=\"async\" width=\"1024\" height=\"512\" src=\"http:\/\/www.zonaroja.com.mx\/wp-content\/uploads\/2019\/10\/PHOTO-2019-10-14-17-58-21-1024x512.jpg\" alt=\"\" class=\"wp-image-4827\" srcset=\"https:\/\/zonaroja.com.mx\/wp-content\/uploads\/2019\/10\/PHOTO-2019-10-14-17-58-21-1024x512.jpg 1024w, https:\/\/zonaroja.com.mx\/wp-content\/uploads\/2019\/10\/PHOTO-2019-10-14-17-58-21-300x150.jpg 300w, https:\/\/zonaroja.com.mx\/wp-content\/uploads\/2019\/10\/PHOTO-2019-10-14-17-58-21-768x384.jpg 768w, https:\/\/zonaroja.com.mx\/wp-content\/uploads\/2019\/10\/PHOTO-2019-10-14-17-58-21-1170x585.jpg 1170w, https:\/\/zonaroja.com.mx\/wp-content\/uploads\/2019\/10\/PHOTO-2019-10-14-17-58-21-585x293.jpg 585w, https:\/\/zonaroja.com.mx\/wp-content\/uploads\/2019\/10\/PHOTO-2019-10-14-17-58-21.jpg 1280w\" sizes=\"(max-width: 1024px) 100vw, 1024px\" \/><\/figure>\n","protected":false},"excerpt":{"rendered":"<p>Redacci\u00f3n\/Zona Roja. Oaxaca de Ju\u00e1rez, Oax., 14 de octubre de 2019.- Una persona calcinada y&hellip;<\/p>\n","protected":false},"author":2,"featured_media":4828,"comment_status":"closed","ping_status":"open","sticky":false,"template":"","format":"standard","meta":{"_lmt_disableupdate":"","_lmt_disable":"","_jetpack_memberships_contains_paid_content":false,"footnotes":""},"categories":[109,51],"tags":[866],"class_list":["post-4825","post","type-post","status-publish","format-standard","has-post-thumbnail","hentry","category-minuto-a-minuto","category-zona-roja","tag-accidente-traileres-supercarretera-oaxaca"],"jetpack_featured_media_url":"https:\/\/zonaroja.com.mx\/wp-content\/uploads\/2019\/10\/Image-1-29.png","jetpack_sharing_enabled":true,"_links":{"self":[{"href":"https:\/\/zonaroja.com.mx\/index.php?rest_route=\/wp\/v2\/posts\/4825","targetHints":{"allow":["GET"]}}],"collection":[{"href":"https:\/\/zonaroja.com.mx\/index.php?rest_route=\/wp\/v2\/posts"}],"about":[{"href":"https:\/\/zonaroja.com.mx\/index.php?rest_route=\/wp\/v2\/types\/post"}],"author":[{"embeddable":true,"href":"https:\/\/zonaroja.com.mx\/index.php?rest_route=\/wp\/v2\/users\/2"}],"replies":[{"embeddable":true,"href":"https:\/\/zonaroja.com.mx\/index.php?rest_route=%2Fwp%2Fv2%2Fcomments&post=4825"}],"version-history":[{"count":1,"href":"https:\/\/zonaroja.com.mx\/index.php?rest_route=\/wp\/v2\/posts\/4825\/revisions"}],"predecessor-version":[{"id":4829,"href":"https:\/\/zonaroja.com.mx\/index.php?rest_route=\/wp\/v2\/posts\/4825\/revisions\/4829"}],"wp:featuredmedia":[{"embeddable":true,"href":"https:\/\/zonaroja.com.mx\/index.php?rest_route=\/wp\/v2\/media\/4828"}],"wp:attachment":[{"href":"https:\/\/zonaroja.com.mx\/index.php?rest_route=%2Fwp%2Fv2%2Fmedia&parent=4825"}],"wp:term":[{"taxonomy":"category","embeddable":true,"href":"https:\/\/zonaroja.com.mx\/index.php?rest_route=%2Fwp%2Fv2%2Fcategories&post=4825"},{"taxonomy":"post_tag","embeddable":true,"href":"https:\/\/zonaroja.com.mx\/index.php?rest_route=%2Fwp%2Fv2%2Ftags&post=4825"}],"curies":[{"name":"wp","href":"https:\/\/api.w.org\/{rel}","templated":true}]}}