{"id":48265,"date":"2022-11-19T17:06:57","date_gmt":"2022-11-19T23:06:57","guid":{"rendered":"http:\/\/www.zonaroja.com.mx\/?p=48265"},"modified":"2022-11-19T17:35:17","modified_gmt":"2022-11-19T23:35:17","slug":"pendiente-2","status":"publish","type":"post","link":"https:\/\/zonaroja.com.mx\/?p=48265","title":{"rendered":"Valida IEEPCO elecciones en municipios que se rigen por Sistemas Normativos Ind\u00edgenas"},"content":{"rendered":"\n<p>Redacci\u00f3n\/Zona Roja. <\/p>\n\n\n\n<p>Oaxaca de Ju\u00e1rez, Oax., a 19 de noviembre de 2022.- En sesi\u00f3n extraordinaria urgente, el Consejo General del Instituto Estatal Electoral y de Participaci\u00f3n Ciudadana de Oaxaca (IEEPCO), aprob\u00f3 -por mayor\u00eda de votos- la integraci\u00f3n y respectiva presidencia de las comisiones permanentes y temporales, mismas que tendr\u00e1n vigencia a partir del d\u00eda siguiente de su aprobaci\u00f3n y concluir\u00e1n el 08 de noviembre de 2023.  <\/p>\n\n\n\n<p>Al respecto, la Comisi\u00f3n de Educaci\u00f3n C\u00edvica y Participaci\u00f3n Ciudadana y la Comisi\u00f3n de Seguimiento al Servicio Profesional Electoral Nacional, estar\u00e1n presididas por el consejero electoral, Alejandro Carrasco Sampedro; mientras que la Comisi\u00f3n de Prerrogativas, Partidos Pol\u00edticos y Candidaturas Independientes y la Comisi\u00f3n de Quejas y Denuncias o Procedimiento Contencioso Electoral, estar\u00e1n encabezadas por la consejera electoral, Jessica Jazibe Hern\u00e1ndez Garc\u00eda.&nbsp;<\/p>\n\n\n\n<p>La Comisi\u00f3n Permanente de Organizaci\u00f3n y Capacitaci\u00f3n Electoral y Vinculaci\u00f3n con el INE y la Comisi\u00f3n Temporal de Reglamentos, estar\u00e1n presididas por la consejera electoral, Carmelita Sibaja Ochoa; mientras que la Comisi\u00f3n de Igualdad de G\u00e9nero y No Discriminaci\u00f3n y la Comisi\u00f3n de Atenci\u00f3n de las Personas Residentes en el Extranjero Originarias del estado de Oaxaca; estar\u00e1n encabezadas por la consejera electoral, Zaira Alhel\u00ed Hip\u00f3lito L\u00f3pez.&nbsp;&nbsp;<\/p>\n\n\n\n<p>La Comisi\u00f3n Temporal de Administraci\u00f3n y la Comisi\u00f3n Temporal de Modernizaci\u00f3n Institucional, ser\u00e1n presididas por la consejera electoral, Nayma Enr\u00edquez Estrada; mientras que, la Comisi\u00f3n Temporal de Comunicaci\u00f3n y la Comisi\u00f3n de Transparencia estar\u00e1n encabezadas por el consejero electoral, Wilfrido Lulio Almaraz Santib\u00e1\u00f1ez.&nbsp;&nbsp;<\/p>\n\n\n\n<p>Por \u00faltimo, la Comisi\u00f3n de Sistemas Normativos Ind\u00edgenas estar\u00e1 encabezada por la consejera presidenta, Elizabeth S\u00e1nchez Gonz\u00e1lez; cabe se\u00f1alar que, tanto las comisiones permanentes como las temporales estar\u00e1n integradas por tres consejer\u00edas y una secretaria t\u00e9cnica.&nbsp;&nbsp;<\/p>\n\n\n\n<p>Como segundo punto del orden del d\u00eda, el Consejo General aprob\u00f3 -por mayor\u00eda de votos- el acuerdo por el que se modifica la convocatoria para la elecci\u00f3n extraordinaria de concejal\u00edas al Ayuntamiento del municipio de San Antonio de la Cal, que electoralmente se rige por Sistemas Normativos Ind\u00edgenas, en cumplimiento a la sentencia del Tribunal Electoral del Estado de Oaxaca, en el expediente identificado JNI\/34\/2022 y acumulados.&nbsp;&nbsp;<\/p>\n\n\n\n<p>En seguida, las consejeras y consejeros electorales declararon como jur\u00eddicamente v\u00e1lidas las elecciones ordinarias de concejal\u00edas a los Ayuntamientos de los municipios de San Andr\u00e9s Ya\u00e1, San Antonio Acutla, San Bartolom\u00e9 Quialana, San Bernardo Mixtepec, San Juan Atepec, San Juan Chilateca, San Juan Cieneguilla, San Juan Sayultepec, San Mateo Etlatongo, San Pablo Cuatro Venados, San Vicente Nu\u00f1\u00fa, Santa Catarina Loxicha, Santa Catarina Tayata, Santa Luc\u00eda Ocotl\u00e1n, Santa Mar\u00eda Coyotepec, Santa Mar\u00eda del Rosario y Santa Mar\u00eda Tepantlali.&nbsp;&nbsp;<\/p>\n\n\n\n<p>As\u00ed mismo las elecciones en Santa Mar\u00eda Tlalixtac, Santa Mar\u00eda Zaniza, Santiago Huauclilla, Santiago Minas, Santiago Nejapilla, Santiago Texcalcingo, Santiago Tillo, Santo Domingo Ixcatl\u00e1n, Teotongo, Totontepec Villa de Morelos, La Compa\u00f1\u00eda, Magdalena Mixtepec, Magdalena Yodocono de Porfirio D\u00edaz, San Pedro Coxcaltepec C\u00e1ntaros, San Pedro Juchatengo, San Pedro Topiltepec, San Pedro Totol\u00e1pam, San Pedro y San Pablo Ayutla, Santiago Comaltepec, Santo Domingo Albarradas, San Juan Tamazola y Guevea de Humboldt que eloctoralmente se rigen por Sistemas Normativos Ind\u00edgenas.&nbsp;<\/p>\n\n\n\n<p>Al respecto, las consejeras electorales, Carmelita Sibaja Ochoa y Nayma Enr\u00edquez Estrada, destacaron la conformaci\u00f3n de 35 cabildos paritarios, as\u00ed como la elecci\u00f3n de una mujer como presidenta en los municipios de Santiago Tillo, Magdalena Yodocono de Porfirio D\u00edaz y San Pedro Topiltepec.&nbsp;&nbsp;&nbsp;<\/p>\n\n\n\n<p>En este mismo punto del orden del d\u00eda, se declararon como jur\u00eddicamente no v\u00e1lidas las elecciones ordinarias de concejal\u00edas a los Ayuntamientos de los municipios de San Miguel Panixtlahuaca y San Andr\u00e9s Nuxi\u00f1o que electoralmente se rigen por Sistemas Normativos Ind\u00edgenas.&nbsp;<\/p>\n\n\n\n<p>Finalmente, y por unanimidad de votos, se aprob\u00f3 el acuerdo por el que se declara que la decisi\u00f3n tomada respecto del nombramiento de autoridades por la comunidad cabecera municipal de Santa Catarina Lachatao, tiene reconocimiento y validez jur\u00eddica \u00fanicamente en el \u00e1mbito de dicha comunidad, que electoralmente se rige por Sistemas normativas Ind\u00edgenas.&nbsp;<\/p>\n\n\n\n<p>La sesi\u00f3n extraordinaria urgente de este s\u00e1bado estuvo encabezada por la consejera presidenta, Elizabeth S\u00e1nchez Gonz\u00e1lez; las consejeras electorales, Carmelita Sibaja Ochoa, Jessica Jazibe Hern\u00e1ndez Garc\u00eda, Nayma Enr\u00edquez Estrada y Zaira Alhel\u00ed Hip\u00f3lito L\u00f3pez; los consejeros electorales, Alejandro Carrasco Sampedro y Wilfrido Lulio Almaraz Santib\u00e1\u00f1ez; as\u00ed como las representaciones de los partidos pol\u00edticos. <\/p>\n","protected":false},"excerpt":{"rendered":"<p>Redacci\u00f3n\/Zona Roja. Oaxaca de Ju\u00e1rez, Oax., a 19 de noviembre de 2022.- En sesi\u00f3n extraordinaria&hellip;<\/p>\n","protected":false},"author":2,"featured_media":48267,"comment_status":"closed","ping_status":"open","sticky":false,"template":"","format":"standard","meta":{"_lmt_disableupdate":"","_lmt_disable":"","_jetpack_memberships_contains_paid_content":false,"footnotes":""},"categories":[109,46],"tags":[],"class_list":["post-48265","post","type-post","status-publish","format-standard","has-post-thumbnail","hentry","category-minuto-a-minuto","category-zona-blanca"],"jetpack_featured_media_url":"https:\/\/zonaroja.com.mx\/wp-content\/uploads\/2022\/11\/1a06b817-2ea6-4377-ae11-a6ca6c6689bc.jpg","jetpack_sharing_enabled":true,"_links":{"self":[{"href":"https:\/\/zonaroja.com.mx\/index.php?rest_route=\/wp\/v2\/posts\/48265","targetHints":{"allow":["GET"]}}],"collection":[{"href":"https:\/\/zonaroja.com.mx\/index.php?rest_route=\/wp\/v2\/posts"}],"about":[{"href":"https:\/\/zonaroja.com.mx\/index.php?rest_route=\/wp\/v2\/types\/post"}],"author":[{"embeddable":true,"href":"https:\/\/zonaroja.com.mx\/index.php?rest_route=\/wp\/v2\/users\/2"}],"replies":[{"embeddable":true,"href":"https:\/\/zonaroja.com.mx\/index.php?rest_route=%2Fwp%2Fv2%2Fcomments&post=48265"}],"version-history":[{"count":2,"href":"https:\/\/zonaroja.com.mx\/index.php?rest_route=\/wp\/v2\/posts\/48265\/revisions"}],"predecessor-version":[{"id":48268,"href":"https:\/\/zonaroja.com.mx\/index.php?rest_route=\/wp\/v2\/posts\/48265\/revisions\/48268"}],"wp:featuredmedia":[{"embeddable":true,"href":"https:\/\/zonaroja.com.mx\/index.php?rest_route=\/wp\/v2\/media\/48267"}],"wp:attachment":[{"href":"https:\/\/zonaroja.com.mx\/index.php?rest_route=%2Fwp%2Fv2%2Fmedia&parent=48265"}],"wp:term":[{"taxonomy":"category","embeddable":true,"href":"https:\/\/zonaroja.com.mx\/index.php?rest_route=%2Fwp%2Fv2%2Fcategories&post=48265"},{"taxonomy":"post_tag","embeddable":true,"href":"https:\/\/zonaroja.com.mx\/index.php?rest_route=%2Fwp%2Fv2%2Ftags&post=48265"}],"curies":[{"name":"wp","href":"https:\/\/api.w.org\/{rel}","templated":true}]}}