{"id":48280,"date":"2022-11-20T07:35:02","date_gmt":"2022-11-20T13:35:02","guid":{"rendered":"http:\/\/www.zonaroja.com.mx\/?p=48280"},"modified":"2022-11-20T07:35:03","modified_gmt":"2022-11-20T13:35:03","slug":"detienen-a-ex-diputado-del-pt-por-acoso-sexual","status":"publish","type":"post","link":"https:\/\/zonaroja.com.mx\/?p=48280","title":{"rendered":"Detienen a ex diputado del PT por acoso sexual"},"content":{"rendered":"\n<p>Redacci\u00f3n\/<\/p>\n\n\n\n<p>Oaxaca de Ju\u00e1rez, Oax., a 20 de noviembre de 2022.- El ex diputado local por el Partido del Trabajo, Sa\u00fal Cruz Jim\u00e9nez, fue detenido la tarde de ayer por elementos de la polic\u00eda municipal, tras una denuncia de acoso sexual.<\/p>\n\n\n\n<p>La aprehensi\u00f3n ocurri\u00f3 en Santa Maria El Tule, municipio ubicado a unos 10 kil\u00f3metros al oriente de la capital oaxaque\u00f1a.<\/p>\n\n\n\n<p>Alrededor de las 19:00 horas fue puesto a disposici\u00f3n del Ministerio P\u00fablico de la Fiscal\u00eda General del Estado de Oaxaca.<\/p>\n\n\n\n<p>De acuerdo con los primeros datos, quien fuera legislador por el distrito electoral con cabecera en San Pedro y San Pablo Ayutla Mixe, fue acusado por una adolescente de acoso sexual.<\/p>\n\n\n\n<p>Quien fuera integrante de la 64 Legislatura local es originario de Santiago Tepitongo, localidad de Totontepec Villa de Morelos, y es abogado egresado de la Universidad Aut\u00f3noma \u201cBenito Ju\u00e1rez\u201d de Oaxaca.<\/p>\n","protected":false},"excerpt":{"rendered":"<p>Redacci\u00f3n\/ Oaxaca de Ju\u00e1rez, Oax., a 20 de noviembre de 2022.- El ex diputado local&hellip;<\/p>\n","protected":false},"author":2,"featured_media":48281,"comment_status":"closed","ping_status":"open","sticky":false,"template":"","format":"standard","meta":{"_lmt_disableupdate":"","_lmt_disable":"","_jetpack_memberships_contains_paid_content":false,"footnotes":""},"categories":[109,47],"tags":[3323],"class_list":["post-48280","post","type-post","status-publish","format-standard","has-post-thumbnail","hentry","category-minuto-a-minuto","category-zona-gris","tag-saul-cruz-jimenez"],"jetpack_featured_media_url":"https:\/\/zonaroja.com.mx\/wp-content\/uploads\/2022\/11\/Saul-Cruz-Jimenez.webp","jetpack_sharing_enabled":true,"_links":{"self":[{"href":"https:\/\/zonaroja.com.mx\/index.php?rest_route=\/wp\/v2\/posts\/48280","targetHints":{"allow":["GET"]}}],"collection":[{"href":"https:\/\/zonaroja.com.mx\/index.php?rest_route=\/wp\/v2\/posts"}],"about":[{"href":"https:\/\/zonaroja.com.mx\/index.php?rest_route=\/wp\/v2\/types\/post"}],"author":[{"embeddable":true,"href":"https:\/\/zonaroja.com.mx\/index.php?rest_route=\/wp\/v2\/users\/2"}],"replies":[{"embeddable":true,"href":"https:\/\/zonaroja.com.mx\/index.php?rest_route=%2Fwp%2Fv2%2Fcomments&post=48280"}],"version-history":[{"count":1,"href":"https:\/\/zonaroja.com.mx\/index.php?rest_route=\/wp\/v2\/posts\/48280\/revisions"}],"predecessor-version":[{"id":48282,"href":"https:\/\/zonaroja.com.mx\/index.php?rest_route=\/wp\/v2\/posts\/48280\/revisions\/48282"}],"wp:featuredmedia":[{"embeddable":true,"href":"https:\/\/zonaroja.com.mx\/index.php?rest_route=\/wp\/v2\/media\/48281"}],"wp:attachment":[{"href":"https:\/\/zonaroja.com.mx\/index.php?rest_route=%2Fwp%2Fv2%2Fmedia&parent=48280"}],"wp:term":[{"taxonomy":"category","embeddable":true,"href":"https:\/\/zonaroja.com.mx\/index.php?rest_route=%2Fwp%2Fv2%2Fcategories&post=48280"},{"taxonomy":"post_tag","embeddable":true,"href":"https:\/\/zonaroja.com.mx\/index.php?rest_route=%2Fwp%2Fv2%2Ftags&post=48280"}],"curies":[{"name":"wp","href":"https:\/\/api.w.org\/{rel}","templated":true}]}}