{"id":48291,"date":"2022-11-20T20:40:15","date_gmt":"2022-11-21T02:40:15","guid":{"rendered":"http:\/\/www.zonaroja.com.mx\/?p=48291"},"modified":"2022-11-20T20:40:16","modified_gmt":"2022-11-21T02:40:16","slug":"inauguran-centro-cultural-alvaro-carrillo-costo-360-mdp","status":"publish","type":"post","link":"https:\/\/zonaroja.com.mx\/?p=48291","title":{"rendered":"Inauguran Centro Cultural \u201c\u00c1lvaro Carrillo\u201d; cost\u00f3 360 mdp"},"content":{"rendered":"\n<p>Redacci\u00f3n\/Zona Roja.<\/p>\n\n\n\n<p>Oaxaca de Ju\u00e1rez, Oax., a 20 de noviembre de 2022.- Este domingo fue inaugurado el Centro Cultural \u201c\u00c1lvaro Carrillo\u201d, inmueble que requiri\u00f3 una inversi\u00f3n de 360 millones de pesos y se ubica en el acceso poniente de la ciudad de Oaxaca.<\/p>\n\n\n\n<p>El acto estuvo encabezado por el gobernador Alejandro Murat Hinojosa, quien estuvo acompa\u00f1ado por los empresarios Carlos Slim y Alfredo Harp Hel\u00fa.<\/p>\n\n\n\n<p>El mandatario estatal celebr\u00f3 que este lugar permitir\u00e1 ampliar la oferta cultural y la participaci\u00f3n de las y los artistas oaxaque\u00f1os.<\/p>\n\n\n\n<p>\u201cEstamos aqu\u00ed para hacer un tributo a esa diversidad que tiene Oaxaca que con su talento nos han compartido su talento, este espacio busca mandar un mensaje a todo el mundo, de que Oaxaca sigue siendo un referente en la cultura.&nbsp;<\/p>\n\n\n\n<p>\u201cNos comprometimos y en ocho meses pudimos terminar esta gran obra que nos recuerda que hay un gran presente para Oaxaca y para M\u00e9xico, y con esa visi\u00f3n sabemos que hay un mejor futuro para Oaxaca\u201d, expres\u00f3.<\/p>\n\n\n\n<p>De acuerdo con un comunicado de prensa, el titular del Poder Ejecutivo agradeci\u00f3 a los arquitectos que conceptualizaron esta obra: Mauricio Rocha+Gabriela Carrillo, Alberto Kalach y Tatiana Bilbao.&nbsp;<\/p>\n\n\n\n<p>En su oportunidad el arquitecto Mauricio Rocha se\u00f1al\u00f3 que las butacas del interior de este Centro Cultural tienen la facilidad de ser retiradas cuando no sean utilizadas, ofreciendo as\u00ed un espacio m\u00e1s amplio a las y los visitantes, adem\u00e1s, el museo con el que contar\u00e1 estar\u00e1 abierto al p\u00fablico las 24 horas, los siete d\u00edas de la semana durante todo el a\u00f1o.<\/p>\n\n\n\n<figure class=\"wp-block-embed is-type-rich is-provider-twitter wp-block-embed-twitter\"><div class=\"wp-block-embed__wrapper\">\n<div class=\"twitter-tweet\"><blockquote class=\"twitter-tweet\" data-lang=\"es\"><p lang=\"es\" dir=\"ltr\">Fue un gusto recibir en el nuevo <a href=\"https:\/\/twitter.com\/hashtag\/CentroCultural%C3%81lvaroCarrillo?src=hash&amp;ref_src=twsrc%5Etfw\">#CentroCultural\u00c1lvaroCarrillo<\/a> a <a href=\"https:\/\/twitter.com\/carlosslim?ref_src=twsrc%5Etfw\">@carlosslim<\/a>, <a href=\"https:\/\/twitter.com\/alfredoharphelu?ref_src=twsrc%5Etfw\">@alfredoharphelu<\/a> y Roberto Hern\u00e1ndez; as\u00ed como, a sus familias. Juntos, disfrutamos de un gran espect\u00e1culo cultural de la mano de <a href=\"https:\/\/twitter.com\/ElisaCarrilloC?ref_src=twsrc%5Etfw\">@ElisaCarrilloC<\/a>, y grandes artistas.<a href=\"https:\/\/twitter.com\/hashtag\/Oaxaca?src=hash&amp;ref_src=twsrc%5Etfw\">#Oaxaca<\/a> <a href=\"https:\/\/twitter.com\/hashtag\/Cultura?src=hash&amp;ref_src=twsrc%5Etfw\">#Cultura<\/a> <a href=\"https:\/\/t.co\/pDWpCqqClz\">pic.twitter.com\/pDWpCqqClz<\/a><\/p>&mdash; Alejandro Murat (@alejandromurat) <a href=\"https:\/\/twitter.com\/alejandromurat\/status\/1594496504487518209?ref_src=twsrc%5Etfw\">21 de noviembre de 2022<\/a><\/blockquote><\/div>\n<\/div><\/figure>\n\n\n\n<p>Este nuevo Centro Cultural lleva el nombre de \u00c1lvaro Carrillo en honor a uno de los compositores oaxaque\u00f1os que han trascendido fronteras y es referente en la m\u00fasica popular de todo el mundo, originario de Cacahuatepec, en la Costa Chica de Oaxaca.&nbsp;<\/p>\n\n\n\n<p>El espacio cuenta con un teatro con aforo de mil personas, una sala de cine, un museo, una sala de exposiciones, espacios p\u00fablicos al aire libre; zonas de talleres, comercial, cafeter\u00eda y estacionamiento.<\/p>\n\n\n\n<p>Como parte de la inauguraci\u00f3n de este complejo arquitect\u00f3nico, se llev\u00f3 a cabo un programa art\u00edstico y musical en que se realiz\u00f3 un concierto como homenaje a la labor de Ignacio Toscano, quien fuera promotor cultural, creador del programa musical Instrumenta y modelo de constancia para la cultura de Oaxaca.<\/p>\n\n\n\n<p>Elisa Carrillo, reconocida como la mejor bailarina del mundo y primera bailarina de la compa\u00f1\u00eda estatal Staatsballett de Berl\u00edn, ofreci\u00f3 su Gala de Danza \u201cElisa y Amigos en Oaxaca\u201d, con Bolero del destacado core\u00f3grafo franc\u00e9s Maurice B\u00e9jart.&nbsp;<\/p>\n\n\n\n<p>Acompa\u00f1aron a Elisa sobresalientes figuras de la danza mundial como Salenko, Marian Walter, Mikhail Kaniskin, Iana Salenko y Dinu Tamazlacaru.<\/p>\n\n\n\n<p>El inmueble se encuentra ubicado en la calzada Francisco I. Madero esquina con avenida Tecnol\u00f3gico, en donde antiguamente se encontraba el Teatro \u201c\u00c1lvaro Carrillo\u201d, la Secretar\u00eda de las Culturas y Artes de Oaxaca y el Centro de Exposiciones \u201cMonte Alb\u00e1n\u201d.<\/p>\n\n\n\n<p>Adicionalmente, el Gobierno del Estado incluy\u00f3 el rescate y modernizaci\u00f3n del Monumento a la Madre, espacio de recreaci\u00f3n para las familias que habitan en la zona y cuyos trabajos fueron realizados por el Instituto del Patrimonio Cultural del Estado de Oaxaca (Inpac).<\/p>\n\n\n\n<figure class=\"wp-block-embed is-type-rich is-provider-twitter wp-block-embed-twitter\"><div class=\"wp-block-embed__wrapper\">\n<div class=\"twitter-tweet\"><blockquote class=\"twitter-tweet\" data-lang=\"es\"><p lang=\"es\" dir=\"ltr\">En este marco, la primera bailarina mexicana <a href=\"https:\/\/twitter.com\/ElisaCarrilloC?ref_src=twsrc%5Etfw\">@ElisaCarrilloC<\/a> present\u00f3 la gala de ballet &quot;Bolero&quot;, con m\u00fasica de Maurice Ravel y coreograf\u00eda de Maurice B\u00e9jart; este incre\u00edble espect\u00e1culo reuni\u00f3 a grandes talentos internacionales en <a href=\"https:\/\/twitter.com\/hashtag\/Oaxaca?src=hash&amp;ref_src=twsrc%5Etfw\">#Oaxaca<\/a>. <a href=\"https:\/\/t.co\/JqJNCOz77W\">pic.twitter.com\/JqJNCOz77W<\/a><\/p>&mdash; Alejandro Murat (@alejandromurat) <a href=\"https:\/\/twitter.com\/alejandromurat\/status\/1594452105271693312?ref_src=twsrc%5Etfw\">20 de noviembre de 2022<\/a><\/blockquote><\/div>\n<\/div><\/figure>\n","protected":false},"excerpt":{"rendered":"<p>Redacci\u00f3n\/Zona Roja. Oaxaca de Ju\u00e1rez, Oax., a 20 de noviembre de 2022.- Este domingo fue&hellip;<\/p>\n","protected":false},"author":2,"featured_media":48292,"comment_status":"closed","ping_status":"open","sticky":false,"template":"","format":"standard","meta":{"_lmt_disableupdate":"","_lmt_disable":"","_jetpack_memberships_contains_paid_content":false,"footnotes":""},"categories":[109,46],"tags":[173],"class_list":["post-48291","post","type-post","status-publish","format-standard","has-post-thumbnail","hentry","category-minuto-a-minuto","category-zona-blanca","tag-alejandro-murat-hinojosa"],"jetpack_featured_media_url":"https:\/\/zonaroja.com.mx\/wp-content\/uploads\/2022\/11\/Centro-Cultural-Alvaro-Carrillo.jpg","jetpack_sharing_enabled":true,"_links":{"self":[{"href":"https:\/\/zonaroja.com.mx\/index.php?rest_route=\/wp\/v2\/posts\/48291","targetHints":{"allow":["GET"]}}],"collection":[{"href":"https:\/\/zonaroja.com.mx\/index.php?rest_route=\/wp\/v2\/posts"}],"about":[{"href":"https:\/\/zonaroja.com.mx\/index.php?rest_route=\/wp\/v2\/types\/post"}],"author":[{"embeddable":true,"href":"https:\/\/zonaroja.com.mx\/index.php?rest_route=\/wp\/v2\/users\/2"}],"replies":[{"embeddable":true,"href":"https:\/\/zonaroja.com.mx\/index.php?rest_route=%2Fwp%2Fv2%2Fcomments&post=48291"}],"version-history":[{"count":1,"href":"https:\/\/zonaroja.com.mx\/index.php?rest_route=\/wp\/v2\/posts\/48291\/revisions"}],"predecessor-version":[{"id":48293,"href":"https:\/\/zonaroja.com.mx\/index.php?rest_route=\/wp\/v2\/posts\/48291\/revisions\/48293"}],"wp:featuredmedia":[{"embeddable":true,"href":"https:\/\/zonaroja.com.mx\/index.php?rest_route=\/wp\/v2\/media\/48292"}],"wp:attachment":[{"href":"https:\/\/zonaroja.com.mx\/index.php?rest_route=%2Fwp%2Fv2%2Fmedia&parent=48291"}],"wp:term":[{"taxonomy":"category","embeddable":true,"href":"https:\/\/zonaroja.com.mx\/index.php?rest_route=%2Fwp%2Fv2%2Fcategories&post=48291"},{"taxonomy":"post_tag","embeddable":true,"href":"https:\/\/zonaroja.com.mx\/index.php?rest_route=%2Fwp%2Fv2%2Ftags&post=48291"}],"curies":[{"name":"wp","href":"https:\/\/api.w.org\/{rel}","templated":true}]}}