{"id":48294,"date":"2022-11-21T06:38:18","date_gmt":"2022-11-21T12:38:18","guid":{"rendered":"http:\/\/www.zonaroja.com.mx\/?p=48294"},"modified":"2022-11-21T06:38:19","modified_gmt":"2022-11-21T12:38:19","slug":"opinion-a-quien-beneficia-la-creciente-polarizacion-del-pais","status":"publish","type":"post","link":"https:\/\/zonaroja.com.mx\/?p=48294","title":{"rendered":"Opini\u00f3n. \u00bfA qui\u00e9n beneficia la creciente polarizaci\u00f3n del pa\u00eds?"},"content":{"rendered":"\n<p>Ismael Garc\u00eda M.\/Zona Roja.<\/p>\n\n\n\n<p>Oaxaca de Ju\u00e1rez, Oax., a 21 de noviembre de 2022.- Una en\u00e9sima discusi\u00f3n bizantina recorre M\u00e9xico y socava cada d\u00eda m\u00e1s la endeble unidad. Y termina&nbsp; por beneficiar no a los pol\u00edticos o al gobierno en turno, mucho menos a la poblaci\u00f3n, sino a los poderes f\u00e1cticos.<\/p>\n\n\n\n<p>Se trata ahora de la discusi\u00f3n sobre la reforma electoral que promueve el Partido Morena y el Presidente Andr\u00e9s Manuel L\u00f3pez Obrador; en el otro extremo, mexicanos englobados en la etiqueta de \u201cfifis\u201d y \u201cconservadores\u201d, que aseguran defender la democracia.<\/p>\n\n\n\n<p>El domingo 13 de noviembre, decenas de ciudades, incluyendo la capital del pa\u00eds, se llenaron de gente que protest\u00f3 en supuesta defensa del Instituto Nacional Electoral.<\/p>\n\n\n\n<p>Al d\u00eda siguiente, el Presidente arremeti\u00f3 contra ellos, los que siempre llama \u201cconservadores\u201d, y ret\u00f3 a un movilizaci\u00f3n para minimizar las calles llenas de opositores.<\/p>\n\n\n\n<p>Y ser\u00e1 el pr\u00f3ximo domingo en que se efectuar\u00e1 la megamarcha morenista, que encabezar\u00e1 el mism\u00edsimo L\u00f3pez Obrador, lo que tensa m\u00e1s la situaci\u00f3n social en M\u00e9xico.<\/p>\n\n\n\n<p>En medio de todo ello, la disputa por la Presidencia de la Rep\u00fablica, que desde hace mucho est\u00e1 en la palestra nacional y que divide incluso a Morena; que, adem\u00e1s, en flagrante violaci\u00f3n a las normas electorales, funcionarios del primer nivel del gabinete federal, recorren plazas, parques y ciudades, con cualquier pretexto.<\/p>\n\n\n\n<p>Y un vencedor indiscutible: el crimen organizado, que d\u00eda con d\u00eda gana kil\u00f3metros en el territorio nacional y deja miles de v\u00edctimas.<\/p>\n\n\n\n<p>\u00bfQU\u00c9 SE DISCUTE?<\/p>\n\n\n\n<p>\u201cDe todos los intentos del Presidente L\u00f3pez Obrador por regresar al M\u00e9xico de los setenta, el m\u00e1s preocupante es el que busca reconstruir el sistema electoral de ese entonces. Un nuevo partido hegem\u00f3nico ser\u00eda muy da\u00f1ino para nuestro pa\u00eds\u201d, escribi\u00f3 el respetable articulista Sergio Sarmiento hace tres semanas.<\/p>\n\n\n\n<p>Y se refiere a la reforma electoral que promueven morenistas y funcionarios del gobierno obradorista, que en s\u00edntesis, pretende quitar a todos los actuales integrantes del consejo general del INE, incluyendo por su puesto a su presidente, Lorenzo C\u00f3rdova.<\/p>\n\n\n\n<p>Asimismo, supuestamente dejarle al \u201cpueblo\u201d la decisi\u00f3n de designar a los consejeros; reducir el presupuesto al \u00f3rgano y los recursos financieros para los partidos pol\u00edticos, esto \u00faltimo en la que la mayor\u00eda de los mexicanos coincide.<br>El INE s\u00ed ha contribuido a la democracia; mejor dicho, los ciudadanos a trav\u00e9s de ese \u00f3rgano s\u00ed han logrado acabar paulatinamente con pr\u00e1cticas deleznables para alcanzar el poder.<\/p>\n\n\n\n<p>Retomando a Sergio Sarmiento, el sistema electoral actual tiene muchos defectos, y es muy costoso, pero nos ha dado una verdadera competencia entre fuerzas pol\u00edticas; y la competencia beneficia siempre a los ciudadanos.<\/p>\n\n\n\n<p>Seg\u00fan analistas, la reforma obradorista favorecer\u00e1 la concentraci\u00f3n del poder, principalmente para los dirigentes de los partidos pol\u00edticos; asimismo, a la creaci\u00f3n de m\u00e1s puestos de representaci\u00f3n plurinominal, en lugar de eliminar \u00e9stos y respaldar a los de mayor\u00eda relativa.<\/p>\n\n\n\n<p>Por supuesto, todos apoyamos o apoyar\u00edamos que se redujera el n\u00famero de diputados o senadores; que sea menor tambi\u00e9n el dinero que se otorga a los comicios y a financiar a los partidos.<\/p>\n\n\n\n<p>\u00bfQU\u00c9 HACER?<\/p>\n\n\n\n<p>\u00bfQue se requiere una reforma electoral?, por supuesto que s\u00ed; nada puede permanecer igual mientras la sociedad evoluciona.&nbsp;<\/p>\n\n\n\n<p>Para ello, en lugar de promover discursos de odio, de ambos bandos, se debi\u00f3 promover foros, consultas \u2014mecanismo que tanto pregonaba el Presidente L\u00f3pez Obrador\u2014, reuniones con expertos\u2026 responsabilidad que reca\u00eda, por supuesto, en el Poder Legislativo y en convocantes.<\/p>\n\n\n\n<p>Pero hacerlo con el est\u00f3mago no es lo ideal. Mucho menos clasificando a las personas entre \u201cconservadores\u201d y \u201cfifis\u201d.<\/p>\n\n\n\n<p>O denostando, como lo hizo durante toda una semana el Presidente de M\u00e9xico, sembrando m\u00e1s odio e irritaci\u00f3n popular.<\/p>\n\n\n\n<p>Reiteramos: M\u00e9xico no requiere m\u00e1s divisiones, sino sensatez para dirimir los m\u00faltiples problemas.<\/p>\n\n\n\n<p>No se trata si el Presidente tiene o no la raz\u00f3n; si los opositores tienen o no la raz\u00f3n. Se trata que todos juntos, como naci\u00f3n, discutamos abierta, pero sobre todo libremente, el futuro que depara al pa\u00eds. La verdadera transformaci\u00f3n que requiere M\u00e9xico, no solamente en discursos.<\/p>\n\n\n\n<p>\u00bfQUI\u00c9N GANA?<\/p>\n\n\n\n<p>Mientras el pa\u00eds se la pasa en discusiones, ya sea por la Guardia Nacional, por el Ej\u00e9rcito o ahora por la reforma electoral, hay un poder f\u00e1ctico que avanza a pasos incontenibles: el crimen organizado.<\/p>\n\n\n\n<p>Extiende cada vez m\u00e1s su poder; amenaza, secuestra, trafica, envenena, ataca abiertamente a la luz del d\u00eda, siembra el terror, pero nadie hace nada. Criticamos sin proponer soluciones; y el gobierno asegura que combate al hampa, sin resultados tangibles.<\/p>\n\n\n\n<p>En los \u00faltimos cuatro a\u00f1os, ha dejado m\u00e1s de 30 mil asesinados, aunado a los miles de j\u00f3venes perjudicados por las drogas. Extiende su poder desde M\u00e9xico a otras naciones, incluso de Europa y Asia.<\/p>\n\n\n\n<p>En realidad, esa es la guerra conjunta que debi\u00e9ramos dar; esa es la discusi\u00f3n sana, plural que debi\u00e9ramos tener. Y no polarizar m\u00e1s al pa\u00eds con temas que s\u00f3lo distraen la verdadera crisis: el narco, la pobreza, la inflaci\u00f3n\u2026<\/p>\n","protected":false},"excerpt":{"rendered":"<p>Ismael Garc\u00eda M.\/Zona Roja. Oaxaca de Ju\u00e1rez, Oax., a 21 de noviembre de 2022.- Una&hellip;<\/p>\n","protected":false},"author":2,"featured_media":41735,"comment_status":"closed","ping_status":"open","sticky":false,"template":"","format":"standard","meta":{"_lmt_disableupdate":"","_lmt_disable":"","_jetpack_memberships_contains_paid_content":false,"footnotes":""},"categories":[456,109,48],"tags":[1353],"class_list":["post-48294","post","type-post","status-publish","format-standard","has-post-thumbnail","hentry","category-columna","category-minuto-a-minuto","category-zona-critica","tag-opinion-zona-critica"],"jetpack_featured_media_url":"https:\/\/zonaroja.com.mx\/wp-content\/uploads\/2022\/05\/Opinion-Ismael-Garcia-M.jpg","jetpack_sharing_enabled":true,"_links":{"self":[{"href":"https:\/\/zonaroja.com.mx\/index.php?rest_route=\/wp\/v2\/posts\/48294","targetHints":{"allow":["GET"]}}],"collection":[{"href":"https:\/\/zonaroja.com.mx\/index.php?rest_route=\/wp\/v2\/posts"}],"about":[{"href":"https:\/\/zonaroja.com.mx\/index.php?rest_route=\/wp\/v2\/types\/post"}],"author":[{"embeddable":true,"href":"https:\/\/zonaroja.com.mx\/index.php?rest_route=\/wp\/v2\/users\/2"}],"replies":[{"embeddable":true,"href":"https:\/\/zonaroja.com.mx\/index.php?rest_route=%2Fwp%2Fv2%2Fcomments&post=48294"}],"version-history":[{"count":1,"href":"https:\/\/zonaroja.com.mx\/index.php?rest_route=\/wp\/v2\/posts\/48294\/revisions"}],"predecessor-version":[{"id":48295,"href":"https:\/\/zonaroja.com.mx\/index.php?rest_route=\/wp\/v2\/posts\/48294\/revisions\/48295"}],"wp:featuredmedia":[{"embeddable":true,"href":"https:\/\/zonaroja.com.mx\/index.php?rest_route=\/wp\/v2\/media\/41735"}],"wp:attachment":[{"href":"https:\/\/zonaroja.com.mx\/index.php?rest_route=%2Fwp%2Fv2%2Fmedia&parent=48294"}],"wp:term":[{"taxonomy":"category","embeddable":true,"href":"https:\/\/zonaroja.com.mx\/index.php?rest_route=%2Fwp%2Fv2%2Fcategories&post=48294"},{"taxonomy":"post_tag","embeddable":true,"href":"https:\/\/zonaroja.com.mx\/index.php?rest_route=%2Fwp%2Fv2%2Ftags&post=48294"}],"curies":[{"name":"wp","href":"https:\/\/api.w.org\/{rel}","templated":true}]}}