{"id":48296,"date":"2022-11-21T06:51:17","date_gmt":"2022-11-21T12:51:17","guid":{"rendered":"http:\/\/www.zonaroja.com.mx\/?p=48296"},"modified":"2022-11-21T06:51:18","modified_gmt":"2022-11-21T12:51:18","slug":"mexico-rojo-ocho-muertos-en-guanajuato-y-tres-linchados-en-edomex","status":"publish","type":"post","link":"https:\/\/zonaroja.com.mx\/?p=48296","title":{"rendered":"M\u00e9xico rojo: ocho muertos en Guanajuato y tres linchados en Edomex"},"content":{"rendered":"\n<p>Redacci\u00f3n\/Zona Roja Cdmx.<\/p>\n\n\n\n<p>Ciudad de M\u00e9xico, a 21 de noviembre de 2022.- Un enfrentamiento con presuntos delincuentes dej\u00f3 ayer como saldo ocho personas fallecidas y una m\u00e1s lesionada. Mientras que en el Estado de M\u00e9xico, fueron linchados tres individuos, entre ello un menor de edad.<\/p>\n\n\n\n<p>En la comunidad de San Juan de la Vega, del municipio de Celaya, ayer por la tarde un grupo criminal atac\u00f3 la comandancia de la polic\u00eda municipal, lo que origin\u00f3 la respuesta armada de los uniformados de los tres niveles de gobierno.<\/p>\n\n\n\n<p>La carretera Celaya-San Miguel de Allende fue cerrada en todos sus tramos, por al menos tres horas.&nbsp;<\/p>\n\n\n\n<p>Tras la agresi\u00f3n al inmueble, elementos de seguridad siguieron al resto de delincuentes, quienes ingresaron a un domicilio y ah\u00ed, tambi\u00e9n se enfrentaron contra la polic\u00eda.<\/p>\n\n\n\n<p>Tras la refriega, el saldo total fue de tres polic\u00edas lesionados, ocho presuntos responsables abatidos y un lesionado, y al menos cuatro detenidos.<\/p>\n\n\n\n<p>EN EDOMEX<\/p>\n\n\n\n<p>Por otra parte, en el municipio de Chalco, Estado de M\u00e9xico, autoridades hallaron los cuerpos de tres personas, de 21, 22 y 17 a\u00f1os de edad, con m\u00faltiples lesiones, quienes presuntamente fueron linchados por pobladores al ser se\u00f1alados como rateros.<\/p>\n\n\n\n<p>Los cad\u00e1veres se hallaron en un terreno de cultivo detr\u00e1s de la unidad habitacional Los \u00c1lamos; presentaban golpes y quemaduras.<\/p>\n\n\n\n<p>La Fiscal\u00eda General de esa entidad indaga los cr\u00edmenes pero hasta ahora no tiene mayores detalles de qui\u00e9nes fueron los responsables del linchamiento.<\/p>\n","protected":false},"excerpt":{"rendered":"<p>Redacci\u00f3n\/Zona Roja Cdmx. Ciudad de M\u00e9xico, a 21 de noviembre de 2022.- Un enfrentamiento con&hellip;<\/p>\n","protected":false},"author":2,"featured_media":48297,"comment_status":"closed","ping_status":"open","sticky":false,"template":"","format":"standard","meta":{"_lmt_disableupdate":"","_lmt_disable":"","_jetpack_memberships_contains_paid_content":false,"footnotes":""},"categories":[109,47],"tags":[2355],"class_list":["post-48296","post","type-post","status-publish","format-standard","has-post-thumbnail","hentry","category-minuto-a-minuto","category-zona-gris","tag-ejecuciones-guanajuato"],"jetpack_featured_media_url":"https:\/\/zonaroja.com.mx\/wp-content\/uploads\/2022\/11\/Enfrentamiento-Celaya-ocho-muertos.jpeg","jetpack_sharing_enabled":true,"_links":{"self":[{"href":"https:\/\/zonaroja.com.mx\/index.php?rest_route=\/wp\/v2\/posts\/48296","targetHints":{"allow":["GET"]}}],"collection":[{"href":"https:\/\/zonaroja.com.mx\/index.php?rest_route=\/wp\/v2\/posts"}],"about":[{"href":"https:\/\/zonaroja.com.mx\/index.php?rest_route=\/wp\/v2\/types\/post"}],"author":[{"embeddable":true,"href":"https:\/\/zonaroja.com.mx\/index.php?rest_route=\/wp\/v2\/users\/2"}],"replies":[{"embeddable":true,"href":"https:\/\/zonaroja.com.mx\/index.php?rest_route=%2Fwp%2Fv2%2Fcomments&post=48296"}],"version-history":[{"count":1,"href":"https:\/\/zonaroja.com.mx\/index.php?rest_route=\/wp\/v2\/posts\/48296\/revisions"}],"predecessor-version":[{"id":48298,"href":"https:\/\/zonaroja.com.mx\/index.php?rest_route=\/wp\/v2\/posts\/48296\/revisions\/48298"}],"wp:featuredmedia":[{"embeddable":true,"href":"https:\/\/zonaroja.com.mx\/index.php?rest_route=\/wp\/v2\/media\/48297"}],"wp:attachment":[{"href":"https:\/\/zonaroja.com.mx\/index.php?rest_route=%2Fwp%2Fv2%2Fmedia&parent=48296"}],"wp:term":[{"taxonomy":"category","embeddable":true,"href":"https:\/\/zonaroja.com.mx\/index.php?rest_route=%2Fwp%2Fv2%2Fcategories&post=48296"},{"taxonomy":"post_tag","embeddable":true,"href":"https:\/\/zonaroja.com.mx\/index.php?rest_route=%2Fwp%2Fv2%2Ftags&post=48296"}],"curies":[{"name":"wp","href":"https:\/\/api.w.org\/{rel}","templated":true}]}}