{"id":4830,"date":"2019-10-14T19:55:00","date_gmt":"2019-10-15T00:55:00","guid":{"rendered":"http:\/\/www.zonaroja.com.mx\/?p=4830"},"modified":"2019-10-14T20:06:47","modified_gmt":"2019-10-15T01:06:47","slug":"el-mult-se-declara-listo-para-firmar-el-acuerdo-de-paz-en-la-zona-triqui","status":"publish","type":"post","link":"https:\/\/zonaroja.com.mx\/?p=4830","title":{"rendered":"El MULT se declara listo para firmar el acuerdo de paz en la zona triqui"},"content":{"rendered":"\n<p>Redacci\u00f3n\/Zona Roja.<\/p>\n\n\n\n<p>Oaxaca de Ju\u00e1rez, Oax., 14 de octubre\nde 2019.- Tras la reciente visita del Presidente Andr\u00e9s Manuel L\u00f3pez Obrador a Santiago\nJuxtlahuaca, en la que se pronunci\u00f3 por un acuerdo de paz para la zona,\nintegrantes del Movimiento Unificador de Lucha Triqui (MULT), asegur\u00f3 que es\nbienvenida la iniciativa, aunque no se hizo directamente a las organizaciones\ninvolucradas.<\/p>\n\n\n\n<p>A trav\u00e9s de un comunicado recordaron tambi\u00e9n\nque en dos ocasiones han propuesto un acuerdo de paz e incluso en el 2012, \u201cante\nla simulaci\u00f3n del gobierno estatal y federal que no solo no se propici\u00f3 la\nfirma, sino que el presupuesto que anunciaron no lo asignaron causando mayor\ninseguridad, enfrentamiento y se\u00f1alamientos injustos en su contra\u201d.<\/p>\n\n\n\n<p>Pese a lo anterior, han mantenido su palabra\nde buscar la paz en la zona, la cual aseguran solo se lograr\u00e1 con la\nimplementaci\u00f3n de una ruta clara, transparente y con tiempos para firmar de una\nvez por todas el acuerdo de paz y la no violencia por parte de las cuatro\norganizaciones de la regi\u00f3n, MULT, MULTI, Ubisort Y CNC, con vigilancia de la\nComisi\u00f3n Nacional de los Derechos Humanos, la Defensor\u00eda de los Derechos\nHumanos, los tres \u00f3rdenes de gobierno y la ONU.<\/p>\n\n\n\n<p>As\u00ed mismo, un calendario de reuniones\ncon los tres \u00f3rdenes de gobierno y la asignaci\u00f3n de presupuesto especial y\nespec\u00edfico para la regi\u00f3n Triqui, que sea administrado por las asambleas comunitarias\ny los consejos de ancianos, quienes tambi\u00e9n tendr\u00edan que responder a la\nrendici\u00f3n de cuentas oportuna y permanentemente, evaluada por los \u00f3rganos\njurisdiccionales del gasto federal.<\/p>\n\n\n\n<p>Aseguraron que hasta el momento los\ndiscursos de las autoridades han sido rebasadas en varias ocasiones que se ha\nintentado generar el acuerdo pese a la disposici\u00f3n que ha mostrado su\norganizaci\u00f3n. <\/p>\n\n\n\n<p>\u201cQue quede claro que el MULT desde\nsiempre ha privilegiado el di\u00e1logo, y le ha dado seguimiento a su propuesta y\ncumplido su palabra con el convenio firmado en 2012\u201d.<\/p>\n\n\n\n<p>En este sentido, exigieron alto a la\nviolencia por parte del MULTI, a quienes solicitaron retire a sus paramilitares\nde la comunidad de Ojo de Agua a fin de permitir el retorno seguro de los\ndesplazados, a la par que hicieron un llamado a las organizaciones fraternas a\npronunciarse por la firma de un acuerdo con la participaci\u00f3n de todos los\nactores de la zona triqui.<\/p>\n\n\n\n<p>\u201cSomos conscientes en que la paz es la\ncontinuidad de nuestro pueblo, su coexistencia y solo con ella podemos aspirar\nal desarrollo aut\u00f3nomo en la pluralidad y el respeto a las diferencias, por lo\nque insistieron en su disposici\u00f3n a la firma de un acuerdo, siempre y cuando\ntodas las partes involucradas se comprometan a darle cumplimiento\u201d<\/p>\n\n\n\n<p>Por su parte este lunes, alrededor de\n30 mujeres ind\u00edgenas de la Uni\u00f3n de Bienestar Social de la Regi\u00f3n Triqui\n(Ubisort), \u201ctomaron\u201d la caseta de peaje de la supercarretera Oaxaca-Cuacnopalan\na la altura del municipio de San Pablo Huitzo, a fin de protestar por la falta\nde atenci\u00f3n a sus demandas por parte del Gobierno del Estado; como ya es\ncostumbre por parte de manifestantes, las mujeres cobran \u201ccuota voluntaria\u201d\npara permitir el paso de veh\u00edculos en la zona.<\/p>\n","protected":false},"excerpt":{"rendered":"<p>Redacci\u00f3n\/Zona Roja. Oaxaca de Ju\u00e1rez, Oax., 14 de octubre de 2019.- Tras la reciente visita&hellip;<\/p>\n","protected":false},"author":2,"featured_media":4831,"comment_status":"closed","ping_status":"open","sticky":false,"template":"","format":"standard","meta":{"_lmt_disableupdate":"","_lmt_disable":"","_jetpack_memberships_contains_paid_content":false,"footnotes":""},"categories":[109,47],"tags":[867],"class_list":["post-4830","post","type-post","status-publish","format-standard","has-post-thumbnail","hentry","category-minuto-a-minuto","category-zona-gris","tag-movimiento-unificador-de-lucha-triqui-mult"],"jetpack_featured_media_url":"https:\/\/zonaroja.com.mx\/wp-content\/uploads\/2019\/10\/MULT.png","jetpack_sharing_enabled":true,"_links":{"self":[{"href":"https:\/\/zonaroja.com.mx\/index.php?rest_route=\/wp\/v2\/posts\/4830","targetHints":{"allow":["GET"]}}],"collection":[{"href":"https:\/\/zonaroja.com.mx\/index.php?rest_route=\/wp\/v2\/posts"}],"about":[{"href":"https:\/\/zonaroja.com.mx\/index.php?rest_route=\/wp\/v2\/types\/post"}],"author":[{"embeddable":true,"href":"https:\/\/zonaroja.com.mx\/index.php?rest_route=\/wp\/v2\/users\/2"}],"replies":[{"embeddable":true,"href":"https:\/\/zonaroja.com.mx\/index.php?rest_route=%2Fwp%2Fv2%2Fcomments&post=4830"}],"version-history":[{"count":1,"href":"https:\/\/zonaroja.com.mx\/index.php?rest_route=\/wp\/v2\/posts\/4830\/revisions"}],"predecessor-version":[{"id":4832,"href":"https:\/\/zonaroja.com.mx\/index.php?rest_route=\/wp\/v2\/posts\/4830\/revisions\/4832"}],"wp:featuredmedia":[{"embeddable":true,"href":"https:\/\/zonaroja.com.mx\/index.php?rest_route=\/wp\/v2\/media\/4831"}],"wp:attachment":[{"href":"https:\/\/zonaroja.com.mx\/index.php?rest_route=%2Fwp%2Fv2%2Fmedia&parent=4830"}],"wp:term":[{"taxonomy":"category","embeddable":true,"href":"https:\/\/zonaroja.com.mx\/index.php?rest_route=%2Fwp%2Fv2%2Fcategories&post=4830"},{"taxonomy":"post_tag","embeddable":true,"href":"https:\/\/zonaroja.com.mx\/index.php?rest_route=%2Fwp%2Fv2%2Ftags&post=4830"}],"curies":[{"name":"wp","href":"https:\/\/api.w.org\/{rel}","templated":true}]}}