{"id":48304,"date":"2022-11-21T12:23:00","date_gmt":"2022-11-21T18:23:00","guid":{"rendered":"http:\/\/www.zonaroja.com.mx\/?p=48304"},"modified":"2022-11-21T08:03:06","modified_gmt":"2022-11-21T14:03:06","slug":"presentan-entre-aguas-dulces-y-mareas-bitacora-para-hacer-sostenibles-vidas-y-luchas","status":"publish","type":"post","link":"https:\/\/zonaroja.com.mx\/?p=48304","title":{"rendered":"Presentan \u201cEntre aguas dulces y mareas\u201d, bit\u00e1cora para hacer sostenibles vidas y luchas"},"content":{"rendered":"\n<p>Redacci\u00f3n\/Zona Roja.<\/p>\n\n\n\n<p>Oaxaca de Ju\u00e1rez, Oax., a 21 de noviembre de 2022.- Como parte de la Iniciativa Mesoamericana de Mujeres Defensoras de Derechos Humanos (IM-Defensoras), la organizaci\u00f3n Consorcio para el Di\u00e1logo Parlamentario y la Equidad, &nbsp;present\u00f3&nbsp;en&nbsp;Librespacio \u201cLa J\u00edcara\u201d&nbsp;el libro&nbsp;\u201cEntre aguas dulces y mareas. 10 a\u00f1os de construcci\u00f3n y aprendizajes sobre el cuidado y la sanaci\u00f3n entre defensoras y sus colectividades\u201d.&nbsp;<\/p>\n\n\n\n<p>Se trata de una publicaci\u00f3n que&nbsp;explica el proceso hist\u00f3rico de construcci\u00f3n y promoci\u00f3n de la Estrategia de Autocuidado, Cuidado Colectivo y Sanaci\u00f3n de la IM-Defensoras, uno de los pilares de su propuesta de Protecci\u00f3n Integral Feminista&nbsp;(PIF).&nbsp;<\/p>\n\n\n\n<p>Al respecto, la codirectora de Consorcio Oaxaca,&nbsp;Coordinadora de la Estrategia Nacional de Autocuidado, Cuidado Colectivo y Sanaci\u00f3n de la IM-D, activista, sanadora y feminista&nbsp;Ana Mar\u00eda Hern\u00e1ndez&nbsp;C\u00e1rdenas,&nbsp;se\u00f1al\u00f3 que el libro \u201chabla de las aguas, de las mareas y&nbsp;de las aguas dulces como una met\u00e1fora de cuando las personas transitamos los procesos de sanaci\u00f3n; no son procesos ni lineales, ni calmos siempre.&nbsp;<\/p>\n\n\n\n<p>\u00abEste libro para nosotras es un parteaguas, en una reflexi\u00f3n autocr\u00edtica y honesta para hablar y abrir nuestros corazones y decir que el bienestar tambi\u00e9n es &nbsp;nuestro derecho\u00bb, dijo frente a terapeutas, sanadores y sanadoras que han acompa\u00f1ado&nbsp;parte de&nbsp;estos procesos.&nbsp;<\/p>\n\n\n\n<p>Acompa\u00f1ada de Nallely Tello, moderadora de la mesa e integrante de Consorcio Oaxaca,&nbsp;explic\u00f3 que adem\u00e1s: \u201ces un esfuerzo colectivo de muchas defensoras y activistas que nos juntamos en el 2010 en Oaxaca porque en nuestra labor de defensoras y activistas ve\u00edamos que nos estaba revolcando toda la violencia pol\u00edtica, patriarcal, que est\u00e1bamos siendo se\u00f1aladas criminalizadas y nos estaba tocando duro esta violencia, est\u00e1bamos respondiendo de manera aislada, sin mucha reflexi\u00f3n y capoteando esa violencia que nos descoloca\u201d.&nbsp;<\/p>\n\n\n\n<p>Este cuaderno de bit\u00e1cora constituye una carta de navegaci\u00f3n imprescindible para que el autocuidado, el cuidado colectivo y la sanaci\u00f3n sean elementos fundamentales e ineludibles en el trabajo cotidiano de las defensoras, las organizaciones y los movimientos sociales, poniendo la vida y los cuidados en el centro de sus luchas.<\/p>\n\n\n\n<p>Por su parte, Ruth Orozco, editora e integrante de \u201cLa Pitaya\u201d,&nbsp;destac\u00f3 la importancia de hacer una pausa para construir el bienestar personal y colectivo: \u201cesa pausa la pudieron hacer ustedes gracias a poder reconocer en otras ese agotamiento y darse cuenta que el vivir as\u00ed&nbsp;potencia la inseguridad, el riesgo, la distracci\u00f3n y la muerte; potencia el que no lo logremos y que la esperanza finalmente quede sepultada\u201d.&nbsp;<\/p>\n\n\n\n<p>Asimismo,&nbsp;Patricia Yllescas,&nbsp;de la&nbsp;Red Nacional de Defensoras&nbsp;subray\u00f3 que:&nbsp;\u00abtrabajar el tema de la autoexigencia, de la culpa, de la verg\u00fcenza, son los demonios que tenemos que trabajar las defensoras porque esos son los que nos llevan al&nbsp;abandono de nosotras mismas\u00bb.&nbsp;<\/p>\n\n\n\n<p>Y en ese contexto,&nbsp;la presidenta del Grupo de Estudios sobre la Mujer \u201cRosario Castellanos\u201d (GesMujer), Ang\u00e9lica Ayala Ortiz abord\u00f3 la experiencia&nbsp;en&nbsp;Casa&nbsp;La&nbsp;Serena, de&nbsp;ConsorcioOaxaca,&nbsp;un lugar para el respiro y sanaci\u00f3n que ha acogido a centenares de defensoras y se ha convertido en un referente en su&nbsp;rubro.<\/p>\n\n\n\n<p>\u201cNosotras tuvimos oportunidad de realizar la vivencia en Casa La Serena, un espacio donde podemos atrevernos a desnudar nuestros cuerpos, nuestras mentes y reconocernos en la mirada de la otra, y reconocer que efectivamente el activismo, el sistema patriarcal, el capitalismo descarnado y el&nbsp;racismo&nbsp;tambi\u00e9n dejan huellas en nuestros cuerpos\u201d, abund\u00f3.&nbsp;<\/p>\n\n\n\n<p>La IM-Defensoras es una articulaci\u00f3n regional de redes de defensoras en El Salvador, Honduras, M\u00e9xico y Nicaragua que aglutina a m\u00e1s de dos mil defensoras y m\u00e1s de 300 organizaciones. Esta organizaci\u00f3n ha sido pionera en integrar el autocuidado, el cuidado colectivo y la sanaci\u00f3n como elementos fundamentales de la protecci\u00f3n a mujeres defensoras y periodistas en riesgo.<\/p>\n\n\n\n<p>Adem\u00e1s del trabajo de Autocuidado, Cuidado Colectivo y Sanaci\u00f3n, la IM-Defensoras fortalece redes de protecci\u00f3n a defensoras en M\u00e9xico, Honduras, El Salvador y Nicaragua; tiene un sistema de Registro de Agresiones, cuenta con dos casas de respiro y dos casa de acogida y desarrolla un trabajo cotidiano de denuncia e incidencia para lograr un entorno de&nbsp;respeto a las mujeres que desde diversos movimientos sociales luchan por un mundo m\u00e1s justo e igualitario.<\/p>\n","protected":false},"excerpt":{"rendered":"<p>Redacci\u00f3n\/Zona Roja. Oaxaca de Ju\u00e1rez, Oax., a 21 de noviembre de 2022.- Como parte de&hellip;<\/p>\n","protected":false},"author":2,"featured_media":48314,"comment_status":"closed","ping_status":"open","sticky":false,"template":"","format":"standard","meta":{"_lmt_disableupdate":"","_lmt_disable":"","_jetpack_memberships_contains_paid_content":false,"footnotes":""},"categories":[109,46],"tags":[548],"class_list":["post-48304","post","type-post","status-publish","format-standard","has-post-thumbnail","hentry","category-minuto-a-minuto","category-zona-blanca","tag-consorcio-oaxaca"],"jetpack_featured_media_url":"https:\/\/zonaroja.com.mx\/wp-content\/uploads\/2022\/11\/Entre-aguas-dulces-y-mareas-7.jpg","jetpack_sharing_enabled":true,"_links":{"self":[{"href":"https:\/\/zonaroja.com.mx\/index.php?rest_route=\/wp\/v2\/posts\/48304","targetHints":{"allow":["GET"]}}],"collection":[{"href":"https:\/\/zonaroja.com.mx\/index.php?rest_route=\/wp\/v2\/posts"}],"about":[{"href":"https:\/\/zonaroja.com.mx\/index.php?rest_route=\/wp\/v2\/types\/post"}],"author":[{"embeddable":true,"href":"https:\/\/zonaroja.com.mx\/index.php?rest_route=\/wp\/v2\/users\/2"}],"replies":[{"embeddable":true,"href":"https:\/\/zonaroja.com.mx\/index.php?rest_route=%2Fwp%2Fv2%2Fcomments&post=48304"}],"version-history":[{"count":1,"href":"https:\/\/zonaroja.com.mx\/index.php?rest_route=\/wp\/v2\/posts\/48304\/revisions"}],"predecessor-version":[{"id":48315,"href":"https:\/\/zonaroja.com.mx\/index.php?rest_route=\/wp\/v2\/posts\/48304\/revisions\/48315"}],"wp:featuredmedia":[{"embeddable":true,"href":"https:\/\/zonaroja.com.mx\/index.php?rest_route=\/wp\/v2\/media\/48314"}],"wp:attachment":[{"href":"https:\/\/zonaroja.com.mx\/index.php?rest_route=%2Fwp%2Fv2%2Fmedia&parent=48304"}],"wp:term":[{"taxonomy":"category","embeddable":true,"href":"https:\/\/zonaroja.com.mx\/index.php?rest_route=%2Fwp%2Fv2%2Fcategories&post=48304"},{"taxonomy":"post_tag","embeddable":true,"href":"https:\/\/zonaroja.com.mx\/index.php?rest_route=%2Fwp%2Fv2%2Ftags&post=48304"}],"curies":[{"name":"wp","href":"https:\/\/api.w.org\/{rel}","templated":true}]}}