{"id":48316,"date":"2022-11-21T08:18:51","date_gmt":"2022-11-21T14:18:51","guid":{"rendered":"http:\/\/www.zonaroja.com.mx\/?p=48316"},"modified":"2022-11-21T08:18:53","modified_gmt":"2022-11-21T14:18:53","slug":"en-alerta-organizaciones-sociales-por-probable-desalojo-en-el-zocalo-de-oaxaca","status":"publish","type":"post","link":"https:\/\/zonaroja.com.mx\/?p=48316","title":{"rendered":"En alerta organizaciones sociales por probable desalojo en el z\u00f3calo de Oaxaca"},"content":{"rendered":"\n<p>Redacci\u00f3n\/Zona Roja.<\/p>\n\n\n\n<p>Oaxaca de Ju\u00e1rez, Oax., a 21 de noviembre de 2022.- El Frente de Organizaciones Oaxaque\u00f1as (FORO) expres\u00f3 su preocupaci\u00f3n ante la situaci\u00f3n actual que enfrentan las familias desplazadas triquis de San Miguel, San Juan y Tierra Blanca Copala, respectivamente, instaladas en plant\u00f3n en z\u00f3calo de la ciudad de Oaxaca.<\/p>\n\n\n\n<p>De manera particular, se solidariz\u00f3 con la organizaci\u00f3n \u201cCorriente del Pueblo Sol Rojo\u201d, que mantiene un \u201cplant\u00f3n\u201d en el z\u00f3calo por diversas demandas, entre ellas la aparici\u00f3n de Ernesto Sernas Garc\u00eda, la detenci\u00f3n arbitraria de Salvador Pinal Mel\u00e9ndez, el asesinato de Luis Armando Fuentes Aquino y Jes\u00fas Manuel Garc\u00eda Mart\u00ednez, y el desplazamiento interno forzado de los compa\u00f1eros de San Miguel Copala.<\/p>\n\n\n\n<p>\u201cEl riesgo de un operativo de desalojo contra las y los plantonistas se ha incrementado a partir de las pretensiones del gobernador electo del estado, Salom\u00f3n Jara Cruz, de \u2018recibir un z\u00f3calo limpio\u2019, dejando \u00f3rdenes claras al gobierno saliente de retirar a toda costa las leg\u00edtimas expresiones de protesta y lucha popular, muchas de las cuales cuentan con Medidas Cautelares emitidas por organismos defensores de derechos humanos de car\u00e1cter estatal, nacional e incluso internacional, como es el caso de \u2018Sol Rojo\u2019\u201d.<\/p>\n\n\n\n<p>El FORO indic\u00f3 las demandas de justicia desatendidas por el gobierno saliente no pueden ser resueltas de \u00faltimo minuto con represi\u00f3n, chantajes o medidas administrativas.<\/p>\n\n\n\n<p>\u00abEsto solamente ahonda la contradicci\u00f3n entre el Estado y el pueblo en lucha. As\u00ed mismo consideramos que si el nuevo gobierno pretende establecer el di\u00e1logo con las comunidades, los pueblos y las organizaciones en resistencia, tendr\u00e1 que hacerlo con respeto y no a partir de la represi\u00f3n oficial o extraoficial, confrontando pueblo contra pueblo\u201d, expuso en un comunicado.<\/p>\n\n\n\n<p>\u201cQueremos dejar en claro que cualquier agresi\u00f3n hacia nuestras compa\u00f1eras y compa\u00f1eros de \u2018Sol Rojo\u2019 la consideraremos como una agresi\u00f3n directa hacia el conjunto de organizaciones que conformamos el FORO y tendr\u00e1 la respuesta organizada y decidida de cada una de estas\u201d, remarc\u00f3.<\/p>\n","protected":false},"excerpt":{"rendered":"<p>Redacci\u00f3n\/Zona Roja. Oaxaca de Ju\u00e1rez, Oax., a 21 de noviembre de 2022.- El Frente de&hellip;<\/p>\n","protected":false},"author":2,"featured_media":48317,"comment_status":"closed","ping_status":"open","sticky":false,"template":"","format":"standard","meta":{"_lmt_disableupdate":"","_lmt_disable":"","_jetpack_memberships_contains_paid_content":false,"footnotes":""},"categories":[109,47],"tags":[323],"class_list":["post-48316","post","type-post","status-publish","format-standard","has-post-thumbnail","hentry","category-minuto-a-minuto","category-zona-gris","tag-corriente-del-pueblo-sol-rojo"],"jetpack_featured_media_url":"https:\/\/zonaroja.com.mx\/wp-content\/uploads\/2022\/11\/Comunicado-FORO-Sol-Rojo.jpg","jetpack_sharing_enabled":true,"_links":{"self":[{"href":"https:\/\/zonaroja.com.mx\/index.php?rest_route=\/wp\/v2\/posts\/48316","targetHints":{"allow":["GET"]}}],"collection":[{"href":"https:\/\/zonaroja.com.mx\/index.php?rest_route=\/wp\/v2\/posts"}],"about":[{"href":"https:\/\/zonaroja.com.mx\/index.php?rest_route=\/wp\/v2\/types\/post"}],"author":[{"embeddable":true,"href":"https:\/\/zonaroja.com.mx\/index.php?rest_route=\/wp\/v2\/users\/2"}],"replies":[{"embeddable":true,"href":"https:\/\/zonaroja.com.mx\/index.php?rest_route=%2Fwp%2Fv2%2Fcomments&post=48316"}],"version-history":[{"count":1,"href":"https:\/\/zonaroja.com.mx\/index.php?rest_route=\/wp\/v2\/posts\/48316\/revisions"}],"predecessor-version":[{"id":48318,"href":"https:\/\/zonaroja.com.mx\/index.php?rest_route=\/wp\/v2\/posts\/48316\/revisions\/48318"}],"wp:featuredmedia":[{"embeddable":true,"href":"https:\/\/zonaroja.com.mx\/index.php?rest_route=\/wp\/v2\/media\/48317"}],"wp:attachment":[{"href":"https:\/\/zonaroja.com.mx\/index.php?rest_route=%2Fwp%2Fv2%2Fmedia&parent=48316"}],"wp:term":[{"taxonomy":"category","embeddable":true,"href":"https:\/\/zonaroja.com.mx\/index.php?rest_route=%2Fwp%2Fv2%2Fcategories&post=48316"},{"taxonomy":"post_tag","embeddable":true,"href":"https:\/\/zonaroja.com.mx\/index.php?rest_route=%2Fwp%2Fv2%2Ftags&post=48316"}],"curies":[{"name":"wp","href":"https:\/\/api.w.org\/{rel}","templated":true}]}}