{"id":48319,"date":"2022-11-21T12:20:00","date_gmt":"2022-11-21T18:20:00","guid":{"rendered":"http:\/\/www.zonaroja.com.mx\/?p=48319"},"modified":"2022-11-21T08:22:00","modified_gmt":"2022-11-21T14:22:00","slug":"olvidan-presos-de-eloxochitlan-senalamientos-contra-elisa-zepeda-tras-designacion","status":"publish","type":"post","link":"https:\/\/zonaroja.com.mx\/?p=48319","title":{"rendered":"\u201cOlvidan\u201d presos de Eloxochitl\u00e1n se\u00f1alamientos contra Elisa Zepeda, tras designaci\u00f3n"},"content":{"rendered":"\n<p>Yuridiana Sosa\/Zona Roja. Foto: Archivo<\/p>\n\n\n\n<p>Oaxaca de Ju\u00e1rez, Oax., a 21 de noviembre de 2022.- A ocho a\u00f1os de su detenci\u00f3n, sin juicio ni sentencia, el grupo de presos pol\u00edticos de Eloxochitl\u00e1n de Flores Mag\u00f3n manifest\u00f3 que continuar\u00e1 su lucha para obtener su libertad, pero en su m\u00e1s reciente comunicado omitieron los se\u00f1alamientos habituales con Elisa Zepeda, pr\u00f3xima funcionaria del gobierno estatal.<\/p>\n\n\n\n<p>Hasta agosto pasado, los pronunciamientos del grupo a favor de la lucha de los presos de origen mazateco responsabilizaron a la ex diputada local por Morena, Elisa Zepeda, de estar detr\u00e1s de la fabricaci\u00f3n de delitos y de nuevas \u00f3rdenes de aprehensi\u00f3n contra Miguel Peralta Betanzos, por el homicidio de Manuel Zepeda, hermano la ex legisladora.<\/p>\n\n\n\n<p>Elisa Zepeda Lagunas fue nombrada el pasado 8 de noviembre, por el gobernador electo Salom\u00f3n Jara Cruz, como la pr\u00f3xima titular de la Secretar\u00eda de las Mujeres, para el gobierno de la cuarta transformaci\u00f3n.<\/p>\n\n\n\n<p>El comunicado circulado esta semana dieron a conocer la nueva etapa de su lucha nombrada, \u201cTj\u00ed\u2019nde-najin Kjoabijnandi\u00ed-najin\u201d \u201cTenemos derecho a la libertad\u201d, y en la que se dej\u00f3 a un lado las presuntas participaciones de Zepeda Lagunas en las irregularidades de su proceso penal, ni siquiera la nombraron.<\/p>\n\n\n\n<p>Los presos mazatecos Jaime Betanzos, Herminio Monfil, Fernando Gavito, Alfredo Bola\u00f1os, Omar Hugo Morales, Isa\u00edas Gallardo y Francisco Dur\u00e1n recordaron que se comprob\u00f3 que los delitos fueron fabricados, sin embargo, no hay justicia para ellos.<\/p>\n\n\n\n<p>\u201cNo entendemos que, por ser mazatecos y querer la libre autodeterminaci\u00f3n de nuestro pueblo, los gobiernos de Oaxaca nos mantienen encerrados \u00bfQu\u00e9 ley o qui\u00e9nes permiten eso?\u201d expresaron.<\/p>\n\n\n\n<p>Los afectados cuentan con 13 amparos a&nbsp; su favor &nbsp;y m\u00e1s de 20 sentencias de libertad ganadas por otros compa\u00f1eros del movimiento, as\u00ed como reconocidos en diciembre de 2018 por el gobierno federal como personas injustamente presas y presos pol\u00edticos.<\/p>\n\n\n\n<p>\u201cAcordamos que nuestro Colectivo se sume a las luchas por la libertad, as\u00ed, iniciamos siendo parte de la Coordinadora Internacional de Solidaridad y por la libertad de presos pol\u00edticos y revolucionarios del mundo, base Oaxaca\u201d, destac\u00f3 el comunicado.<\/p>\n","protected":false},"excerpt":{"rendered":"<p>Yuridiana Sosa\/Zona Roja. Foto: Archivo Oaxaca de Ju\u00e1rez, Oax., a 21 de noviembre de 2022.-&hellip;<\/p>\n","protected":false},"author":2,"featured_media":24924,"comment_status":"closed","ping_status":"open","sticky":false,"template":"","format":"standard","meta":{"_lmt_disableupdate":"","_lmt_disable":"","_jetpack_memberships_contains_paid_content":false,"footnotes":""},"categories":[109,47],"tags":[719],"class_list":["post-48319","post","type-post","status-publish","format-standard","has-post-thumbnail","hentry","category-minuto-a-minuto","category-zona-gris","tag-eloxochitlan-de-flores-magon"],"jetpack_featured_media_url":"https:\/\/zonaroja.com.mx\/wp-content\/uploads\/2021\/03\/Conferencia-caso-Eloxochitlan.jpg","jetpack_sharing_enabled":true,"_links":{"self":[{"href":"https:\/\/zonaroja.com.mx\/index.php?rest_route=\/wp\/v2\/posts\/48319","targetHints":{"allow":["GET"]}}],"collection":[{"href":"https:\/\/zonaroja.com.mx\/index.php?rest_route=\/wp\/v2\/posts"}],"about":[{"href":"https:\/\/zonaroja.com.mx\/index.php?rest_route=\/wp\/v2\/types\/post"}],"author":[{"embeddable":true,"href":"https:\/\/zonaroja.com.mx\/index.php?rest_route=\/wp\/v2\/users\/2"}],"replies":[{"embeddable":true,"href":"https:\/\/zonaroja.com.mx\/index.php?rest_route=%2Fwp%2Fv2%2Fcomments&post=48319"}],"version-history":[{"count":1,"href":"https:\/\/zonaroja.com.mx\/index.php?rest_route=\/wp\/v2\/posts\/48319\/revisions"}],"predecessor-version":[{"id":48320,"href":"https:\/\/zonaroja.com.mx\/index.php?rest_route=\/wp\/v2\/posts\/48319\/revisions\/48320"}],"wp:featuredmedia":[{"embeddable":true,"href":"https:\/\/zonaroja.com.mx\/index.php?rest_route=\/wp\/v2\/media\/24924"}],"wp:attachment":[{"href":"https:\/\/zonaroja.com.mx\/index.php?rest_route=%2Fwp%2Fv2%2Fmedia&parent=48319"}],"wp:term":[{"taxonomy":"category","embeddable":true,"href":"https:\/\/zonaroja.com.mx\/index.php?rest_route=%2Fwp%2Fv2%2Fcategories&post=48319"},{"taxonomy":"post_tag","embeddable":true,"href":"https:\/\/zonaroja.com.mx\/index.php?rest_route=%2Fwp%2Fv2%2Ftags&post=48319"}],"curies":[{"name":"wp","href":"https:\/\/api.w.org\/{rel}","templated":true}]}}