{"id":48321,"date":"2022-11-21T08:27:21","date_gmt":"2022-11-21T14:27:21","guid":{"rendered":"http:\/\/www.zonaroja.com.mx\/?p=48321"},"modified":"2022-11-21T08:27:22","modified_gmt":"2022-11-21T14:27:22","slug":"denuncian-invasion-de-catem-joven-de-predios-en-atzompa","status":"publish","type":"post","link":"https:\/\/zonaroja.com.mx\/?p=48321","title":{"rendered":"Denuncian invasi\u00f3n de CATEM Joven de predios en Atzompa"},"content":{"rendered":"\n<p>Redacci\u00f3n\/Zona Roja.<\/p>\n\n\n\n<p>Oaxaca de Ju\u00e1rez, Oax., a 21 de noviembre de 2022.- Habitantes de Santa Mar\u00eda Atzompa, denunciaron la pretensi\u00f3n de la organizaci\u00f3n de transportistas CATEM Joven de arrebatarles con violencia unos predios.<\/p>\n\n\n\n<p>El comit\u00e9 de vecinos en defensa de las \u00e1reas verdes de la colonia Forestal, efectuaron este domingo una asamblea para informar a la poblaci\u00f3n el retiro de integrantes de la violenta agrupaci\u00f3n, que pretend\u00edan apoderarse de unos terrenos.<\/p>\n\n\n\n<p>La incursi\u00f3n violenta sucedi\u00f3 el d\u00eda s\u00e1bado, cuando integrantes de la organizaci\u00f3n CATEM Joven, arribaron con armas de grueso calibre, a cercar dos predios que son propiedad de la poblaci\u00f3n desde hace m\u00e1s de 20 a\u00f1os.<\/p>\n\n\n\n<p>Los pobladores fueron a solicitarles que se retiraran, sin embargo, fue hasta la noche cuando, aproximadamente 300 vecinos acudieron a los predios a retirar los polines y l\u00e1minas que hab\u00edan colocado en la zona, logrando que se retiraran los integrantes de dicha organizaci\u00f3n.&nbsp;<\/p>\n\n\n\n<p>Asimismo, les indicaron que si no retiraban dos unidades de motor que hab\u00edan colocado en uno de los predios las quemar\u00edan, como muestra de rechazo a las acciones ilegales que pretend\u00edan cometer los integrantes de CATEM Joven.<\/p>\n\n\n\n<p>Durante su asamblea, informaron que el pr\u00f3ximo martes acudir\u00e1n en una marcha al casco del municipio de Santa Mar\u00eda Atzompa para buscar al comisariado ejidal y exigir el respeto a esta \u00e1rea que ha servido como cancha para pr\u00e1ctica de futbol y ejercicio al aire libre de los habitantes de la poblaci\u00f3n.<\/p>\n","protected":false},"excerpt":{"rendered":"<p>Redacci\u00f3n\/Zona Roja. Oaxaca de Ju\u00e1rez, Oax., a 21 de noviembre de 2022.- Habitantes de Santa&hellip;<\/p>\n","protected":false},"author":2,"featured_media":48322,"comment_status":"closed","ping_status":"open","sticky":false,"template":"","format":"standard","meta":{"_lmt_disableupdate":"","_lmt_disable":"","_jetpack_memberships_contains_paid_content":false,"footnotes":""},"categories":[109,47],"tags":[3320],"class_list":["post-48321","post","type-post","status-publish","format-standard","has-post-thumbnail","hentry","category-minuto-a-minuto","category-zona-gris","tag-catem-joven"],"jetpack_featured_media_url":"https:\/\/zonaroja.com.mx\/wp-content\/uploads\/2022\/11\/Denuncia-vs-CATEM-pobladores-Atzompa.jpg","jetpack_sharing_enabled":true,"_links":{"self":[{"href":"https:\/\/zonaroja.com.mx\/index.php?rest_route=\/wp\/v2\/posts\/48321","targetHints":{"allow":["GET"]}}],"collection":[{"href":"https:\/\/zonaroja.com.mx\/index.php?rest_route=\/wp\/v2\/posts"}],"about":[{"href":"https:\/\/zonaroja.com.mx\/index.php?rest_route=\/wp\/v2\/types\/post"}],"author":[{"embeddable":true,"href":"https:\/\/zonaroja.com.mx\/index.php?rest_route=\/wp\/v2\/users\/2"}],"replies":[{"embeddable":true,"href":"https:\/\/zonaroja.com.mx\/index.php?rest_route=%2Fwp%2Fv2%2Fcomments&post=48321"}],"version-history":[{"count":1,"href":"https:\/\/zonaroja.com.mx\/index.php?rest_route=\/wp\/v2\/posts\/48321\/revisions"}],"predecessor-version":[{"id":48323,"href":"https:\/\/zonaroja.com.mx\/index.php?rest_route=\/wp\/v2\/posts\/48321\/revisions\/48323"}],"wp:featuredmedia":[{"embeddable":true,"href":"https:\/\/zonaroja.com.mx\/index.php?rest_route=\/wp\/v2\/media\/48322"}],"wp:attachment":[{"href":"https:\/\/zonaroja.com.mx\/index.php?rest_route=%2Fwp%2Fv2%2Fmedia&parent=48321"}],"wp:term":[{"taxonomy":"category","embeddable":true,"href":"https:\/\/zonaroja.com.mx\/index.php?rest_route=%2Fwp%2Fv2%2Fcategories&post=48321"},{"taxonomy":"post_tag","embeddable":true,"href":"https:\/\/zonaroja.com.mx\/index.php?rest_route=%2Fwp%2Fv2%2Ftags&post=48321"}],"curies":[{"name":"wp","href":"https:\/\/api.w.org\/{rel}","templated":true}]}}