{"id":48326,"date":"2022-11-21T17:29:00","date_gmt":"2022-11-21T23:29:00","guid":{"rendered":"http:\/\/www.zonaroja.com.mx\/?p=48326"},"modified":"2022-11-21T21:17:21","modified_gmt":"2022-11-22T03:17:21","slug":"pendiente-2-2","status":"publish","type":"post","link":"https:\/\/zonaroja.com.mx\/?p=48326","title":{"rendered":"Con invisible PRD y denuncias de peculado en Michoac\u00e1n, Silvano Aureoles busca Presidencia"},"content":{"rendered":"\n<p>Yuridiana Sosa\/Zona Roja.<\/p>\n\n\n\n<p>Oaxaca de Ju\u00e1rez, Oax., 21 de noviembre de 2022.- Con prepotencia por delante y un partido invisible en Oaxaca, Silvano Aureoles Conejo se present\u00f3 en la entidad para anunciar su aspiraci\u00f3n por la Presidencia de M\u00e9xico, por el Partido de la Revoluci\u00f3n Democr\u00e1tica,<\/p>\n\n\n\n<p>El ex gobernador de Michoac\u00e1n asisti\u00f3 a Oaxaca como parte de sus actividades proselitistas rumbo a las elecciones del 2024, donde acompa\u00f1ado de la dirigencia estatal perredista realiz\u00f3 una conferencia de prensa desorganizada y con atraso de casi una hora, desde la cual tambi\u00e9n trat\u00f3 de mandar e imponer \u201cla nota\u201d para los medios de comunicaci\u00f3n.<\/p>\n\n\n\n<p>A sabiendas de las estad\u00edsticas en contra del partido a nivel nacional tras la jornada electoral pasada, el Senador con licencia se adelant\u00f3 en justificar al partido al decir, \u201cno nos midan ahorita por el porcentaje que oficialmente sacamos en el 2021, nos tienen que reconocer y medir por nuestra esencia, propuesta e historia\u201d.<\/p>\n\n\n\n<p>Silvano Aureoles tiene la meta de recorrer todos los estados antes del finalizar el 2022, realizando encuentros con perredistas y ciudadanos afines a dicho partido para venderles su proyecto, pues hasta el momento es el \u00fanico aspirante de dicho partido.<\/p>\n\n\n\n<p>\u201cQuiere compartir que ser\u00e9 el pr\u00f3ximo presidente de la Rep\u00fablica, y ma\u00f1ana cabeceen as\u00ed todas sus notas\u201d, sugiri\u00f3 el ex gobernador se\u00f1alado por el actual gobierno estatal de Michoac\u00e1n de presuntos actos de corrupci\u00f3n y por los que abri\u00f3 investigaciones la Fiscal\u00eda General de la Rep\u00fablica.<\/p>\n\n\n\n<p>Respecto a las acusaciones en su contra, minimiz\u00f3 las denuncias y sostuvo que no existen motivos administrativos por los que puedan pisar la c\u00e1rcel, sin embargo, la autoridad puede conseguir que por cualquier otro motivo vaya a prisi\u00f3n.<\/p>\n\n\n\n<p>Las acusaciones del gobierno de Michoac\u00e1n apuntan que existe un probable desfalco de 50 mil millones de pesos al erario por parte de Aureoles Conejo, quien rentaba helic\u00f3pteros y hasta \u201cun avi\u00f3n silencioso\u201d, construy\u00f3 un b\u00fanker en la Casa de Gobierno y compr\u00f3 un software para realizar espionaje.<\/p>\n\n\n\n<p>Durante la conferencia de prensa en Oaxaca apunt\u00f3 que el presidente de M\u00e9xico, Andr\u00e9s Manuel L\u00f3pez Obrador se comporta m\u00e1s como un l\u00edder de grupo, de un partido, que como jefe de estado, lo cual replican los gobernantes estatales de Morena, quienes \u201cson jefes de pandillas\u201d.<\/p>\n\n\n\n<p>Aureoles tambi\u00e9n descalific\u00f3 la convocatoria de L\u00f3pez Obrador para una contramarcha con motivo de su cuarto informe de gobierno luego de la hist\u00f3rica marcha ciudadana en defensa del INE y contra la propuesta de reforma electoral desde la presidencia.<\/p>\n\n\n\n<figure class=\"wp-block-embed is-type-rich is-provider-twitter wp-block-embed-twitter\"><div class=\"wp-block-embed__wrapper\">\n<div class=\"twitter-tweet\"><blockquote class=\"twitter-tweet\" data-lang=\"es\"><p lang=\"es\" dir=\"ltr\"><a href=\"https:\/\/twitter.com\/hashtag\/ENVIVO?src=hash&amp;ref_src=twsrc%5Etfw\">#ENVIVO<\/a><br>Oaxaca de Ju\u00e1rez, Oax., a 21 de noviembre de 2022.- Conferencia de prensa del ex gobernador de Michoac\u00e1n, Silvano Aureoles, quien busca ser candidato a la Presidencia de la Rep\u00fablica por el PRD.<br>\ud83d\udc47<a href=\"https:\/\/t.co\/3GygWdPbxI\">https:\/\/t.co\/3GygWdPbxI<\/a> <a href=\"https:\/\/t.co\/z1HIGnyYr3\">pic.twitter.com\/z1HIGnyYr3<\/a><\/p>&mdash; Zona Roja Oaxaca (@ZonaRoja_Oaxaca) <a href=\"https:\/\/twitter.com\/ZonaRoja_Oaxaca\/status\/1594737895864147969?ref_src=twsrc%5Etfw\">21 de noviembre de 2022<\/a><\/blockquote><\/div>\n<\/div><\/figure>\n","protected":false},"excerpt":{"rendered":"<p>Yuridiana Sosa\/Zona Roja. Oaxaca de Ju\u00e1rez, Oax., 21 de noviembre de 2022.- Con prepotencia por&hellip;<\/p>\n","protected":false},"author":2,"featured_media":48335,"comment_status":"closed","ping_status":"open","sticky":false,"template":"","format":"standard","meta":{"_lmt_disableupdate":"","_lmt_disable":"","_jetpack_memberships_contains_paid_content":false,"footnotes":""},"categories":[109,47],"tags":[3324],"class_list":["post-48326","post","type-post","status-publish","format-standard","has-post-thumbnail","hentry","category-minuto-a-minuto","category-zona-gris","tag-silvano-aureoles"],"jetpack_featured_media_url":"https:\/\/zonaroja.com.mx\/wp-content\/uploads\/2022\/11\/Silvano-Aureoles-PRD-en-Oaxaca.jpg","jetpack_sharing_enabled":true,"_links":{"self":[{"href":"https:\/\/zonaroja.com.mx\/index.php?rest_route=\/wp\/v2\/posts\/48326","targetHints":{"allow":["GET"]}}],"collection":[{"href":"https:\/\/zonaroja.com.mx\/index.php?rest_route=\/wp\/v2\/posts"}],"about":[{"href":"https:\/\/zonaroja.com.mx\/index.php?rest_route=\/wp\/v2\/types\/post"}],"author":[{"embeddable":true,"href":"https:\/\/zonaroja.com.mx\/index.php?rest_route=\/wp\/v2\/users\/2"}],"replies":[{"embeddable":true,"href":"https:\/\/zonaroja.com.mx\/index.php?rest_route=%2Fwp%2Fv2%2Fcomments&post=48326"}],"version-history":[{"count":2,"href":"https:\/\/zonaroja.com.mx\/index.php?rest_route=\/wp\/v2\/posts\/48326\/revisions"}],"predecessor-version":[{"id":48344,"href":"https:\/\/zonaroja.com.mx\/index.php?rest_route=\/wp\/v2\/posts\/48326\/revisions\/48344"}],"wp:featuredmedia":[{"embeddable":true,"href":"https:\/\/zonaroja.com.mx\/index.php?rest_route=\/wp\/v2\/media\/48335"}],"wp:attachment":[{"href":"https:\/\/zonaroja.com.mx\/index.php?rest_route=%2Fwp%2Fv2%2Fmedia&parent=48326"}],"wp:term":[{"taxonomy":"category","embeddable":true,"href":"https:\/\/zonaroja.com.mx\/index.php?rest_route=%2Fwp%2Fv2%2Fcategories&post=48326"},{"taxonomy":"post_tag","embeddable":true,"href":"https:\/\/zonaroja.com.mx\/index.php?rest_route=%2Fwp%2Fv2%2Ftags&post=48326"}],"curies":[{"name":"wp","href":"https:\/\/api.w.org\/{rel}","templated":true}]}}