{"id":4833,"date":"2019-10-14T22:51:32","date_gmt":"2019-10-15T03:51:32","guid":{"rendered":"http:\/\/www.zonaroja.com.mx\/?p=4833"},"modified":"2019-10-14T22:51:35","modified_gmt":"2019-10-15T03:51:35","slug":"lunes-rojo-cuatro-asesinados-a-balazos-entre-ellos-una-mujer","status":"publish","type":"post","link":"https:\/\/zonaroja.com.mx\/?p=4833","title":{"rendered":"Lunes rojo: cuatro asesinados a balazos, entre ellos una mujer"},"content":{"rendered":"\n<p>Ismael Garc\u00eda\/Zona Roja.<\/p>\n\n\n\n<p>Oaxaca de Ju\u00e1rez, Oax., 14 de octubre\nde 2019.- Cuatro personas fueron asesinadas a balazos este lunes en Oaxaca,\nentre ellas una mujer, en las regiones Costa, Cuenca del Papaloapan, Istmo de\nTehuantepec y Mixteca.<\/p>\n\n\n\n<p>Adem\u00e1s de la joven ultimada por la\nma\u00f1ana en Pinotepa Nacional, al mediod\u00eda fue localizado el cuerpo de una\npersona de aproximadamente 20 a\u00f1os de edad, en la localidad de Santa Cruz Vista\nHermosa, del municipio de Zapotitl\u00e1n Lagunas, colindante con el estado de Puebla.<\/p>\n\n\n\n<p>El cuerpo presentaba al menos dos\nlesiones producidas por impacto de arma de fuego y la v\u00edctima fue identificada\ncomo Dami\u00e1n G. M.<\/p>\n\n\n\n<p>Poco despu\u00e9s de las 19:00 horas, en el\ncamino a la agencia de San Isidro Pishishi pero en jurisdicci\u00f3n de Salina Cruz,\nfue ejecutado un taxista.<\/p>\n\n\n\n<p>El cuerpo se hall\u00f3 en el interior de la\nunidad de motor del sitio \u201cRefiner\u00eda\u201d, color amarillo, con n\u00famero econ\u00f3mico 725;\nla v\u00edctima fue identificada como Jos\u00e9 Heladio C. L. de 45 a\u00f1os de edad. Esta\nnoche, ruleteros de Salina Cruz realizan una protesta para exigir justicia por\nel asesinado.<\/p>\n\n\n\n<p>Mientras que en San Juan Bautista\nTuxtepec se perpetr\u00f3 el asesinato n\u00famero 93 del primer a\u00f1o de gobierno del edil\nFernando Bautista D\u00e1vila.<\/p>\n\n\n\n<p>En la calle Roberto Colorado de la\ncolonia Santa Fe fue ultimado de seis balazos un individuo identificado como Ezequiel\nReyes Gonz\u00e1lez. Hasta el momento la autoridad ministerial no ha reportado\npersonas detenidas.<\/p>\n","protected":false},"excerpt":{"rendered":"<p>Ismael Garc\u00eda\/Zona Roja. Oaxaca de Ju\u00e1rez, Oax., 14 de octubre de 2019.- Cuatro personas fueron&hellip;<\/p>\n","protected":false},"author":2,"featured_media":4834,"comment_status":"closed","ping_status":"open","sticky":false,"template":"","format":"standard","meta":{"_lmt_disableupdate":"","_lmt_disable":"","_jetpack_memberships_contains_paid_content":false,"footnotes":""},"categories":[109,51],"tags":[],"class_list":["post-4833","post","type-post","status-publish","format-standard","has-post-thumbnail","hentry","category-minuto-a-minuto","category-zona-roja"],"jetpack_featured_media_url":"https:\/\/zonaroja.com.mx\/wp-content\/uploads\/2019\/10\/fb4fb40b-e714-4bc4-84f3-e0a595de66e0.jpg","jetpack_sharing_enabled":true,"_links":{"self":[{"href":"https:\/\/zonaroja.com.mx\/index.php?rest_route=\/wp\/v2\/posts\/4833","targetHints":{"allow":["GET"]}}],"collection":[{"href":"https:\/\/zonaroja.com.mx\/index.php?rest_route=\/wp\/v2\/posts"}],"about":[{"href":"https:\/\/zonaroja.com.mx\/index.php?rest_route=\/wp\/v2\/types\/post"}],"author":[{"embeddable":true,"href":"https:\/\/zonaroja.com.mx\/index.php?rest_route=\/wp\/v2\/users\/2"}],"replies":[{"embeddable":true,"href":"https:\/\/zonaroja.com.mx\/index.php?rest_route=%2Fwp%2Fv2%2Fcomments&post=4833"}],"version-history":[{"count":1,"href":"https:\/\/zonaroja.com.mx\/index.php?rest_route=\/wp\/v2\/posts\/4833\/revisions"}],"predecessor-version":[{"id":4835,"href":"https:\/\/zonaroja.com.mx\/index.php?rest_route=\/wp\/v2\/posts\/4833\/revisions\/4835"}],"wp:featuredmedia":[{"embeddable":true,"href":"https:\/\/zonaroja.com.mx\/index.php?rest_route=\/wp\/v2\/media\/4834"}],"wp:attachment":[{"href":"https:\/\/zonaroja.com.mx\/index.php?rest_route=%2Fwp%2Fv2%2Fmedia&parent=4833"}],"wp:term":[{"taxonomy":"category","embeddable":true,"href":"https:\/\/zonaroja.com.mx\/index.php?rest_route=%2Fwp%2Fv2%2Fcategories&post=4833"},{"taxonomy":"post_tag","embeddable":true,"href":"https:\/\/zonaroja.com.mx\/index.php?rest_route=%2Fwp%2Fv2%2Ftags&post=4833"}],"curies":[{"name":"wp","href":"https:\/\/api.w.org\/{rel}","templated":true}]}}