{"id":48348,"date":"2022-11-22T06:38:32","date_gmt":"2022-11-22T12:38:32","guid":{"rendered":"http:\/\/www.zonaroja.com.mx\/?p=48348"},"modified":"2022-11-22T06:38:34","modified_gmt":"2022-11-22T12:38:34","slug":"concluye-curso-capacidad-juridica-desde-perspectiva-de-discapacidad","status":"publish","type":"post","link":"https:\/\/zonaroja.com.mx\/?p=48348","title":{"rendered":"Concluye curso \u201cCapacidad Jur\u00eddica desde Perspectiva de Discapacidad\u201d"},"content":{"rendered":"\n<p>Redacci\u00f3n\/Zona Roja.<\/p>\n\n\n\n<p>Oaxaca de Juarez, Oax., a 22 de noviembre de 2022.- El titular del Poder Judicial del Estado, magistrado Eduardo Pinacho S\u00e1nchez, clausur\u00f3 las actividades del&nbsp;curso&nbsp;\u201cCapacidad Jur\u00eddica desde la perspectiva de Discapacidad\u201d,&nbsp;resultado de un esfuerzo conjunto de&nbsp;la instituci\u00f3n&nbsp;con el Sistema para el Desarrollo Integral de la Familia (DIF-Oaxaca), la Procuradur\u00eda para la Defensa de las Personas con Discapacidad del Estado (PROPCD) y la organizaci\u00f3n civil Documenta.<\/p>\n\n\n\n<p>En el marco de la ceremonia se entregaron de manera simb\u00f3lica reconocimientos a los 63 asistentes, entre ellos servidores y servidoras p\u00fablicas judiciales, agentes del ministerio p\u00fablico, defensores y abogados litigantes, que se especializaron en el enfoque de derecho humanos y la perspectiva de discapacidad.&nbsp;<\/p>\n\n\n\n<p>Por otra parte, se realiz\u00f3 el panel \u201cHacia un nuevo horizonte: Di\u00e1logo con las personas con discapacidad\u201d,&nbsp;con la intervenci\u00f3n de Mar\u00eda Isabel Espinosa L\u00f3pez, vicepresidenta de la Asociaci\u00f3n de Sordos del Estado de Oaxaca; Everardo P\u00e9rez, presidente del colectivo Tejiendo redes por la dignidad;&nbsp;Elizeth&nbsp;L\u00f3pez Flores, activista por los Derechos de las personas con discapacidad; Pedro Miranda Gij\u00f3n, fot\u00f3grafo y presidente de Visiones Perif\u00e9ricas y Rufina Flores Ram\u00edrez, defensora de los derechos de&nbsp;las personas con discapacidad. Al concluir, el grupo \u201c\u00c1ngeles de Luz\u201d present\u00f3 el baile Jarabe Mixteco.&nbsp;<\/p>\n\n\n\n<p>En su intervenci\u00f3n, el titular del Poder Judicial del Estado destac\u00f3 la necesidad de&nbsp;reconstruir el sistema de justicia para hacerlo una instituci\u00f3n m\u00e1s cercana a las personas, principalmente quienes integran los&nbsp;sectores marginados y limitados.<\/p>\n\n\n\n<p>Se\u00f1al\u00f3 que esta instituci\u00f3n, como \u00f3rgano m\u00e1ximo de justicia, est\u00e1 comprometida a velar porque las leyes consagradas en la Constituci\u00f3n y tratados internacionales que nuestro pa\u00eds ha suscrito, sean cumplidas en favor&nbsp;de este sector de la poblaci\u00f3n.<\/p>\n","protected":false},"excerpt":{"rendered":"<p>Redacci\u00f3n\/Zona Roja. Oaxaca de Juarez, Oax., a 22 de noviembre de 2022.- El titular del&hellip;<\/p>\n","protected":false},"author":2,"featured_media":48350,"comment_status":"closed","ping_status":"open","sticky":false,"template":"","format":"standard","meta":{"_lmt_disableupdate":"","_lmt_disable":"","_jetpack_memberships_contains_paid_content":false,"footnotes":""},"categories":[109,46],"tags":[223],"class_list":["post-48348","post","type-post","status-publish","format-standard","has-post-thumbnail","hentry","category-minuto-a-minuto","category-zona-blanca","tag-poder-judicial-de-oaxaca"],"jetpack_featured_media_url":"https:\/\/zonaroja.com.mx\/wp-content\/uploads\/2022\/11\/La-actividad-concluyo-con-el-panel-Hacia-un-nuevo-horizonte-Dialogo-con-las-personas-con-discapacidad.jpg","jetpack_sharing_enabled":true,"_links":{"self":[{"href":"https:\/\/zonaroja.com.mx\/index.php?rest_route=\/wp\/v2\/posts\/48348","targetHints":{"allow":["GET"]}}],"collection":[{"href":"https:\/\/zonaroja.com.mx\/index.php?rest_route=\/wp\/v2\/posts"}],"about":[{"href":"https:\/\/zonaroja.com.mx\/index.php?rest_route=\/wp\/v2\/types\/post"}],"author":[{"embeddable":true,"href":"https:\/\/zonaroja.com.mx\/index.php?rest_route=\/wp\/v2\/users\/2"}],"replies":[{"embeddable":true,"href":"https:\/\/zonaroja.com.mx\/index.php?rest_route=%2Fwp%2Fv2%2Fcomments&post=48348"}],"version-history":[{"count":1,"href":"https:\/\/zonaroja.com.mx\/index.php?rest_route=\/wp\/v2\/posts\/48348\/revisions"}],"predecessor-version":[{"id":48351,"href":"https:\/\/zonaroja.com.mx\/index.php?rest_route=\/wp\/v2\/posts\/48348\/revisions\/48351"}],"wp:featuredmedia":[{"embeddable":true,"href":"https:\/\/zonaroja.com.mx\/index.php?rest_route=\/wp\/v2\/media\/48350"}],"wp:attachment":[{"href":"https:\/\/zonaroja.com.mx\/index.php?rest_route=%2Fwp%2Fv2%2Fmedia&parent=48348"}],"wp:term":[{"taxonomy":"category","embeddable":true,"href":"https:\/\/zonaroja.com.mx\/index.php?rest_route=%2Fwp%2Fv2%2Fcategories&post=48348"},{"taxonomy":"post_tag","embeddable":true,"href":"https:\/\/zonaroja.com.mx\/index.php?rest_route=%2Fwp%2Fv2%2Ftags&post=48348"}],"curies":[{"name":"wp","href":"https:\/\/api.w.org\/{rel}","templated":true}]}}