{"id":48352,"date":"2022-11-22T08:30:00","date_gmt":"2022-11-22T14:30:00","guid":{"rendered":"http:\/\/www.zonaroja.com.mx\/?p=48352"},"modified":"2022-11-22T06:48:12","modified_gmt":"2022-11-22T12:48:12","slug":"suman-5-muertes-en-carceles-de-oaxaca-indaga-ddhpo-caso-juchitan","status":"publish","type":"post","link":"https:\/\/zonaroja.com.mx\/?p=48352","title":{"rendered":"Suman 5 muertes en c\u00e1rceles de Oaxaca; indaga DDHPO caso Juchit\u00e1n"},"content":{"rendered":"\n<p>Redacci\u00f3n\/Zona Roja.<\/p>\n\n\n\n<p>Oaxaca de Juarez, Oax., a 22 de noviembre de 2022.- Con el caso registrado el pasado domingo en Juchit\u00e1n de Zaragoza, suman cinco personas que han fallecido en c\u00e1rceles municipales de Oaxaca.<\/p>\n\n\n\n<p>Ello lo confirm\u00f3 la Defensor\u00eda de los Derechos Humanos del Pueblo de Oaxaca (DDHPO), que detall\u00f3 que este tipo de incidentes graves se han registrado, adem\u00e1s de Juchit\u00e1n de Zaragoza, en Santa Mar\u00eda Huatulco, Santa Catarina Juquila, Tlalixtac de Cabrera y Salina Cruz, este \u00faltimo con el caso de Abigail H. U.; en dos casos las v\u00edctimas son extranjeros.<\/p>\n\n\n\n<p>En un comunicado de prensa, el organismo inform\u00f3 que de enero de 2015 a la fecha se han registrado 18 defunciones de personas en centros de detenci\u00f3n municipal.<\/p>\n\n\n\n<p>Expuso que investiga las condiciones en las que se dio la muerte de una persona de origen africano (Senegal), ocurrida en los separos municipales de Juchit\u00e1n de Zaragoza.<\/p>\n\n\n\n<p>Por lo que inici\u00f3 el expediente, DDHPO\/0052\/RIJ\/(10)\/OAX\/2022, mediante el cual solicit\u00f3 informes al municipio antes mencionado, respecto a los hechos en los que se registr\u00f3 el deceso, adem\u00e1s de que pidi\u00f3 a la Fiscal\u00eda General de Justicia del Estado rinda un informe sobre la carpeta de investigaci\u00f3n y copia del dictamen de necropsia de ley y certificado m\u00e9dico de fallecimiento.<\/p>\n\n\n\n<p>El organismo aut\u00f3nomo ha se\u00f1alado que los separos municipales requieren el establecimiento protocolos de atenci\u00f3n, contar con m\u00e9dicos, as\u00ed como c\u00e1maras de seguridad.<\/p>\n\n\n\n<p>Insisti\u00f3 en la importancia de atender las causas estructurales que dan origen a este tipo de situaciones, adem\u00e1s de la necesidad de regular estos espacios y tomar acciones de prevenci\u00f3n.<\/p>\n\n\n\n<p>Por lo que es necesario brindar a las autoridades municipales herramientas y estrategias que les ayuden a realizar su funci\u00f3n con el pleno respeto a los derechos humanos, as\u00ed como sensibilizarlos respecto a que la integridad de las personas que est\u00e1n bajo su resguardo son su responsabilidad.<\/p>\n\n\n\n<p>La Defensor\u00eda de los Derechos Humanos del Pueblo de Oaxaca puntualiz\u00f3 que las personas migrantes m\u00e1s all\u00e1 de su estatus migratorio conservan sus derechos humanos, por ello, el Estado debe articular pol\u00edticas p\u00fablicas que permitan salvaguardar su integridad y dignidad.<\/p>\n\n\n\n<p>A\u00f1adi\u00f3 que el fen\u00f3meno migratorio es complejo, sin embargo, todas las instituciones del Estado tienen la obligaci\u00f3n de que en sus acciones, programas y pol\u00edticas p\u00fablicas para atender la migraci\u00f3n lleven un enfoque de derechos humanos, adem\u00e1s de priorizar el principio pro persona, es decir, que se coloque en el centro de la toma de decisiones a las personas migrantes.<\/p>\n\n\n\n<p>Finalmente, la Defensor\u00eda record\u00f3 que todas las autoridades tienen la obligaci\u00f3n de proteger los derechos humanos de todas las personas, ya sea que est\u00e9n en custodia de la autoridad o independientemente de su situaci\u00f3n migratoria, es su deber procurar salvaguardar la integridad, dignidad y la vida de todas las personas.&nbsp;<\/p>\n","protected":false},"excerpt":{"rendered":"<p>Redacci\u00f3n\/Zona Roja. Oaxaca de Juarez, Oax., a 22 de noviembre de 2022.- Con el caso&hellip;<\/p>\n","protected":false},"author":2,"featured_media":30722,"comment_status":"closed","ping_status":"open","sticky":false,"template":"","format":"standard","meta":{"_lmt_disableupdate":"","_lmt_disable":"","_jetpack_memberships_contains_paid_content":false,"footnotes":""},"categories":[109,47],"tags":[286],"class_list":["post-48352","post","type-post","status-publish","format-standard","has-post-thumbnail","hentry","category-minuto-a-minuto","category-zona-gris","tag-defensoria-de-los-derechos-humanos-del-pueblo-de-oaxaca"],"jetpack_featured_media_url":"https:\/\/zonaroja.com.mx\/wp-content\/uploads\/2021\/08\/Prision-carcel-2.jpg","jetpack_sharing_enabled":true,"_links":{"self":[{"href":"https:\/\/zonaroja.com.mx\/index.php?rest_route=\/wp\/v2\/posts\/48352","targetHints":{"allow":["GET"]}}],"collection":[{"href":"https:\/\/zonaroja.com.mx\/index.php?rest_route=\/wp\/v2\/posts"}],"about":[{"href":"https:\/\/zonaroja.com.mx\/index.php?rest_route=\/wp\/v2\/types\/post"}],"author":[{"embeddable":true,"href":"https:\/\/zonaroja.com.mx\/index.php?rest_route=\/wp\/v2\/users\/2"}],"replies":[{"embeddable":true,"href":"https:\/\/zonaroja.com.mx\/index.php?rest_route=%2Fwp%2Fv2%2Fcomments&post=48352"}],"version-history":[{"count":1,"href":"https:\/\/zonaroja.com.mx\/index.php?rest_route=\/wp\/v2\/posts\/48352\/revisions"}],"predecessor-version":[{"id":48353,"href":"https:\/\/zonaroja.com.mx\/index.php?rest_route=\/wp\/v2\/posts\/48352\/revisions\/48353"}],"wp:featuredmedia":[{"embeddable":true,"href":"https:\/\/zonaroja.com.mx\/index.php?rest_route=\/wp\/v2\/media\/30722"}],"wp:attachment":[{"href":"https:\/\/zonaroja.com.mx\/index.php?rest_route=%2Fwp%2Fv2%2Fmedia&parent=48352"}],"wp:term":[{"taxonomy":"category","embeddable":true,"href":"https:\/\/zonaroja.com.mx\/index.php?rest_route=%2Fwp%2Fv2%2Fcategories&post=48352"},{"taxonomy":"post_tag","embeddable":true,"href":"https:\/\/zonaroja.com.mx\/index.php?rest_route=%2Fwp%2Fv2%2Ftags&post=48352"}],"curies":[{"name":"wp","href":"https:\/\/api.w.org\/{rel}","templated":true}]}}