{"id":48354,"date":"2022-11-22T09:09:00","date_gmt":"2022-11-22T15:09:00","guid":{"rendered":"http:\/\/www.zonaroja.com.mx\/?p=48354"},"modified":"2022-11-22T07:11:48","modified_gmt":"2022-11-22T13:11:48","slug":"el-dia-que-encararon-a-secretario-de-seguridad-de-oaxaca-capital","status":"publish","type":"post","link":"https:\/\/zonaroja.com.mx\/?p=48354","title":{"rendered":"El d\u00eda que encararon a secretario de Seguridad de Oaxaca capital"},"content":{"rendered":"\n<p>Yuridiana Sosa\/Zona Roja.<\/p>\n\n\n\n<p>Oaxaca de Ju\u00e1rez, Oax., 21 de noviembre de 2022.- Su barrio la respalda porque ella defiende a su barrio.<\/p>\n\n\n\n<p>Una vez m\u00e1s, do\u00f1a Laura Estela, la polic\u00eda ciudadana del barrio La Noria en la capital oaxaque\u00f1a, dio la cara, ahora para reclamarle al secretario de Seguridad Seguridad Ciudadana, Vialidad y Protecci\u00f3n Civil de Oaxaca de Ju\u00e1rez, Ra\u00fal \u00c1vila Ibarra, la grave inseguridad y las carencias de la polic\u00eda.<\/p>\n\n\n\n<p>Para los vecinos de esa zona de la capital, la se\u00f1ora Laura Estela Hern\u00e1ndez se ha convertido en importante apoyo para tratar sentirse seguros en las calles ante la ausencia de la polic\u00eda municipal.<\/p>\n\n\n\n<p>Esa fue la raz\u00f3n por la que desde hace poco m\u00e1s de un a\u00f1o, a\u00fan en medio de una crisis de pandemia de Covid-19, la mujer se arm\u00f3 de valor, de un machete, silbato y gas para resguardar a su barrio.<\/p>\n\n\n\n<p>Sin embargo, a pesar de la gran voluntad, valent\u00eda y esfuerzos de la mujer, la inseguridad se encuentra desbordada.<\/p>\n\n\n\n<p>En una semana la \u201cguardiana\u201d de La Noria ha contabilizado siete robos de motos nuevas; de pilas, de robo a casa habitaci\u00f3n, panorama que le dio a conocer en forma de reclamo al responsable de la seguridad en la capital.<\/p>\n\n\n\n<figure class=\"wp-block-embed is-type-rich is-provider-twitter wp-block-embed-twitter\"><div class=\"wp-block-embed__wrapper\">\n<div class=\"twitter-tweet\"><blockquote class=\"twitter-tweet\" data-lang=\"es\"><p lang=\"es\" dir=\"ltr\">Ante la grave inseguridad, as\u00ed encararon este fin de semana los vecinos de La Noria al titular del <a href=\"https:\/\/twitter.com\/MunicipioSeguro?ref_src=twsrc%5Etfw\">@MunicipioSeguro<\/a>, Ra\u00fal \u00c1vila Ibarra.<br>El funcionario ni se inmut\u00f3; tampoco tuvo respuestas sobre la grave ola delictiva.<br>Video: <a href=\"https:\/\/twitter.com\/Miguel_A_LunaLo?ref_src=twsrc%5Etfw\">@Miguel_A_LunaLo<\/a> <a href=\"https:\/\/t.co\/8Y1XZNr4HO\">pic.twitter.com\/8Y1XZNr4HO<\/a><\/p>&mdash; Zona Roja Oaxaca (@ZonaRoja_Oaxaca) <a href=\"https:\/\/twitter.com\/ZonaRoja_Oaxaca\/status\/1594393726289182720?ref_src=twsrc%5Etfw\">20 de noviembre de 2022<\/a><\/blockquote><\/div>\n<\/div><\/figure>\n\n\n\n<p>EL RECLAMO<\/p>\n\n\n\n<p>El fin de semana, en su visita por el barrio La Noria, Ra\u00fal \u00c1vila, fue interceptado por los vecinos para reclamarle la falta de rondines. Do\u00f1a Laura fue la portavoz de sus vecinos, pues ella m\u00e1s que nadie percibe el clima de inseguridad.<\/p>\n\n\n\n<p>\u201c\u00daltimamente sucede esto, pero como le puedo exigir a los compa\u00f1eros polic\u00edas si no tienen armamento, ni motos arregladas\u201d, apunt\u00f3 la mujer.<\/p>\n\n\n\n<p>Frente al funcionario, que se mostraba con un rostro desencajado, la ciudadana agreg\u00f3 que \u201cdesde 1990 conozco al cuerpo policiaco y nunca hab\u00eda estado as\u00ed, nunca. Ahora est\u00e1 con todas las carencias, desde uniformes, de todo, por favor le pido que esto lo lleven al presidente (Francisco Mart\u00ednez Neri)\u201d.<\/p>\n\n\n\n<p>\u00c1vila Ibarra, no dijo nada. Aparent\u00f3 escuchar, asinti\u00f3 con la cabeza las carencias se\u00f1aladas por la mujer, pero no se comprometi\u00f3 a m\u00e1s.<\/p>\n\n\n\n<p>Mientras la autoridad encuentra condiciones para una mejor polic\u00eda municipal, do\u00f1a Laura seguir\u00e1 haciendo el trabajo del gobierno, seguir\u00e1&nbsp;arriesg\u00e1ndose en las calles para vigilar su barrio y tratar de mantenerlo seguro.<\/p>\n","protected":false},"excerpt":{"rendered":"<p>Yuridiana Sosa\/Zona Roja. Oaxaca de Ju\u00e1rez, Oax., 21 de noviembre de 2022.- Su barrio la&hellip;<\/p>\n","protected":false},"author":2,"featured_media":48336,"comment_status":"closed","ping_status":"open","sticky":false,"template":"","format":"standard","meta":{"_lmt_disableupdate":"","_lmt_disable":"","_jetpack_memberships_contains_paid_content":false,"footnotes":""},"categories":[109,47],"tags":[148],"class_list":["post-48354","post","type-post","status-publish","format-standard","has-post-thumbnail","hentry","category-minuto-a-minuto","category-zona-gris","tag-oaxaca-de-juarez"],"jetpack_featured_media_url":"https:\/\/zonaroja.com.mx\/wp-content\/uploads\/2022\/11\/Vecinos-encaran-a-secretario-de-Seguridad-municipal-Oaxaca-Raul-Avila.jpg","jetpack_sharing_enabled":true,"_links":{"self":[{"href":"https:\/\/zonaroja.com.mx\/index.php?rest_route=\/wp\/v2\/posts\/48354","targetHints":{"allow":["GET"]}}],"collection":[{"href":"https:\/\/zonaroja.com.mx\/index.php?rest_route=\/wp\/v2\/posts"}],"about":[{"href":"https:\/\/zonaroja.com.mx\/index.php?rest_route=\/wp\/v2\/types\/post"}],"author":[{"embeddable":true,"href":"https:\/\/zonaroja.com.mx\/index.php?rest_route=\/wp\/v2\/users\/2"}],"replies":[{"embeddable":true,"href":"https:\/\/zonaroja.com.mx\/index.php?rest_route=%2Fwp%2Fv2%2Fcomments&post=48354"}],"version-history":[{"count":1,"href":"https:\/\/zonaroja.com.mx\/index.php?rest_route=\/wp\/v2\/posts\/48354\/revisions"}],"predecessor-version":[{"id":48355,"href":"https:\/\/zonaroja.com.mx\/index.php?rest_route=\/wp\/v2\/posts\/48354\/revisions\/48355"}],"wp:featuredmedia":[{"embeddable":true,"href":"https:\/\/zonaroja.com.mx\/index.php?rest_route=\/wp\/v2\/media\/48336"}],"wp:attachment":[{"href":"https:\/\/zonaroja.com.mx\/index.php?rest_route=%2Fwp%2Fv2%2Fmedia&parent=48354"}],"wp:term":[{"taxonomy":"category","embeddable":true,"href":"https:\/\/zonaroja.com.mx\/index.php?rest_route=%2Fwp%2Fv2%2Fcategories&post=48354"},{"taxonomy":"post_tag","embeddable":true,"href":"https:\/\/zonaroja.com.mx\/index.php?rest_route=%2Fwp%2Fv2%2Ftags&post=48354"}],"curies":[{"name":"wp","href":"https:\/\/api.w.org\/{rel}","templated":true}]}}