{"id":48356,"date":"2022-11-22T07:40:12","date_gmt":"2022-11-22T13:40:12","guid":{"rendered":"http:\/\/www.zonaroja.com.mx\/?p=48356"},"modified":"2022-11-22T07:40:13","modified_gmt":"2022-11-22T13:40:13","slug":"mas-violencia-en-juchitan-ataque-armado-deja-un-muerto","status":"publish","type":"post","link":"https:\/\/zonaroja.com.mx\/?p=48356","title":{"rendered":"M\u00e1s violencia en Juchit\u00e1n: ataque armado deja un muerto"},"content":{"rendered":"\n<p>Redacci\u00f3n\/Zona Roja. Foto: ilustrativa<\/p>\n\n\n\n<p>Oaxaca de Juarez, Oax., a 22 de noviembre de 2022.- Un ataque armado en Juchit\u00e1n de Zaragoza dej\u00f3 como saldo preliminar una persona fallecida.<\/p>\n\n\n\n<p>Los hechos ocurrieron anoche en calles de la Novena Secci\u00f3n, en que sujetos armados balearon a un individuo, quien fue trasladado a un hospital local.<\/p>\n\n\n\n<p>Sin embargo, falleci\u00f3 cuando recib\u00eda atenci\u00f3n m\u00e9dica; la v\u00edctima fue identificada como Edwin Gildardo L. C., de aproximadamente 38 a\u00f1os de edad y originario de Santo Domingo Tehuantepec.<\/p>\n\n\n\n<p>De acuerdo con los primeros reportes policiacos, el grupo armado lleg\u00f3 con reclamos al hoy occiso, quien intent\u00f3 huir hacia un callej\u00f3n, pero fue alcanzado y baleado en repetidas ocasiones.<\/p>\n\n\n\n<p>De nueva cuenta, no hab\u00eda polic\u00edas municipales en la zona, para realizar la persecuci\u00f3n y, en su caso, la detenci\u00f3n correspondiente.<\/p>\n\n\n\n<p>Apenas el pasado domingo 20 de noviembre, un migrante originario de Senegal, \u00c1frica, fue detenido con violencia por los uniformados locales y muri\u00f3 m\u00e1s tarde en los separos.<\/p>\n","protected":false},"excerpt":{"rendered":"<p>Redacci\u00f3n\/Zona Roja. Foto: ilustrativa Oaxaca de Juarez, Oax., a 22 de noviembre de 2022.- Un&hellip;<\/p>\n","protected":false},"author":2,"featured_media":48361,"comment_status":"closed","ping_status":"open","sticky":false,"template":"","format":"standard","meta":{"_lmt_disableupdate":"","_lmt_disable":"","_jetpack_memberships_contains_paid_content":false,"footnotes":""},"categories":[109,51],"tags":[123],"class_list":["post-48356","post","type-post","status-publish","format-standard","has-post-thumbnail","hentry","category-minuto-a-minuto","category-zona-roja","tag-juchitan-de-zaragoza"],"jetpack_featured_media_url":"https:\/\/zonaroja.com.mx\/wp-content\/uploads\/2022\/11\/Juchitan-policia-municipal.jpeg","jetpack_sharing_enabled":true,"_links":{"self":[{"href":"https:\/\/zonaroja.com.mx\/index.php?rest_route=\/wp\/v2\/posts\/48356","targetHints":{"allow":["GET"]}}],"collection":[{"href":"https:\/\/zonaroja.com.mx\/index.php?rest_route=\/wp\/v2\/posts"}],"about":[{"href":"https:\/\/zonaroja.com.mx\/index.php?rest_route=\/wp\/v2\/types\/post"}],"author":[{"embeddable":true,"href":"https:\/\/zonaroja.com.mx\/index.php?rest_route=\/wp\/v2\/users\/2"}],"replies":[{"embeddable":true,"href":"https:\/\/zonaroja.com.mx\/index.php?rest_route=%2Fwp%2Fv2%2Fcomments&post=48356"}],"version-history":[{"count":1,"href":"https:\/\/zonaroja.com.mx\/index.php?rest_route=\/wp\/v2\/posts\/48356\/revisions"}],"predecessor-version":[{"id":48362,"href":"https:\/\/zonaroja.com.mx\/index.php?rest_route=\/wp\/v2\/posts\/48356\/revisions\/48362"}],"wp:featuredmedia":[{"embeddable":true,"href":"https:\/\/zonaroja.com.mx\/index.php?rest_route=\/wp\/v2\/media\/48361"}],"wp:attachment":[{"href":"https:\/\/zonaroja.com.mx\/index.php?rest_route=%2Fwp%2Fv2%2Fmedia&parent=48356"}],"wp:term":[{"taxonomy":"category","embeddable":true,"href":"https:\/\/zonaroja.com.mx\/index.php?rest_route=%2Fwp%2Fv2%2Fcategories&post=48356"},{"taxonomy":"post_tag","embeddable":true,"href":"https:\/\/zonaroja.com.mx\/index.php?rest_route=%2Fwp%2Fv2%2Ftags&post=48356"}],"curies":[{"name":"wp","href":"https:\/\/api.w.org\/{rel}","templated":true}]}}