{"id":4836,"date":"2019-10-15T07:52:12","date_gmt":"2019-10-15T12:52:12","guid":{"rendered":"http:\/\/www.zonaroja.com.mx\/?p=4836"},"modified":"2019-10-15T07:59:05","modified_gmt":"2019-10-15T12:59:05","slug":"tendra-oaxaca-ley-de-consulta-indigena-sera-tercera-entidad-en-el-pais","status":"publish","type":"post","link":"https:\/\/zonaroja.com.mx\/?p=4836","title":{"rendered":"Tendr\u00e1 Oaxaca Ley de Consulta Ind\u00edgena; ser\u00e1 tercera entidad en el pa\u00eds."},"content":{"rendered":"\n<p>Redacci\u00f3n\/Zona Roja.<\/p>\n\n\n\n<p>Luego de tres a\u00f1os de emitida una recomendaci\u00f3n general por parte de la Comisi\u00f3n Nacional de Derechos Humanos (CNDH), Oaxaca contar\u00e1 con su Ley  de Consulta Previa, Libre e Informada Para los Pueblos Ind\u00edgenas y Afromexicano, al iniciar el Congreso del Estado este lunes el foro de consulta.<\/p>\n\n\n\n<p>El protocolo propuesto por los\nlegisladores fue calificado como un acierto por la representante de la Cuarta\nVisitadur\u00eda de la CNDH, Karime Salvatierra, quien sostuvo que se cuenta con una\nserie de principios rectores resultado de un arduo trabajo.<\/p>\n\n\n\n<p>Abund\u00f3 que pese a la emisi\u00f3n de una\nRecomendaci\u00f3n General en el a\u00f1o 2016 por parte de la CNDH, s\u00f3lo dos estados de\nla rep\u00fablica; San Lu\u00eds Potos\u00ed y Durango cuentan con sus leyes estatales de\nConsulta, de modo que este trabajo llevar\u00eda a Oaxaca a ocupar la tercera\nposici\u00f3n.<\/p>\n\n\n\n<p>El foro inici\u00f3 ayer en el Centro\nCultural y de Convenciones, impulsado por cuatro comisiones unidas de la 64\nLegislatura local.<\/p>\n\n\n\n<p>Al inaugurar el encuentro, la diputada Laura\nEstrada Mauro, presidenta de la Junta de Coordinaci\u00f3n Pol\u00edtica, resalt\u00f3 la\nimportancia de construir ese instrumento que contemple las voces de los pueblos\nind\u00edgenas y afromexicano para que sean los que decidan el rumbo y desarrollos\nde sus comunidades.<\/p>\n\n\n\n<p>A su vez, el presidente de la Mesa\nDirectiva, C\u00e9sar Enrique Morales Ni\u00f1o, dijo que esa actividad busca que el\nPoder Legislativo elabore un protocolo previo a la normatividad que va a regir\nlos procesos de consulta cuando se elaboren pol\u00edticas p\u00fablicas, proyectos o se\nregule alg\u00fan aspecto que impacte el territorio, poblaci\u00f3n, cultura o\ntradiciones de los pueblos ind\u00edgenas o afromexicano.<\/p>\n\n\n\n<p>Al intervenir, la diputada Gloria\nS\u00e1nchez L\u00f3pez, presidenta de la Comisi\u00f3n Permanente de Asuntos Ind\u00edgenas y\nMigraci\u00f3n, manifest\u00f3 que se trata de una obligaci\u00f3n del Estado Mexicano, una\norden Judicial y un compromiso de la LXIV Legislatura del Congreso del Estado\nde Oaxaca escuchar a los pueblos ind\u00edgenas y afromexicano.<\/p>\n\n\n\n<p>Por su parte V\u00edctor Leonel Juan\nMart\u00ednez, representante del Instituto Nacional de los Pueblos Ind\u00edgenas (INPI),\nreconoci\u00f3 a Oaxaca como una entidad que va a la vanguardia en transformaciones\nlegislativas institucionales, al ser la primera entidad en reconocer los\nderechos ind\u00edgenas.<\/p>\n\n\n\n<p>A este foro que tuvo lugar en el Centro\nCultural y de Convenciones de Oaxaca(CCCO)asistieron autoridades de los tres\nniveles de gobierno, entre ellas; Luis Enrique Cordero Aguilar, Magistrado\nPresidente de la Sala de Consulta Ind\u00edgena; Bernardo Rodr\u00edguez Alamilla,\ntitular de la Defensor\u00eda de los Derechos Humanos del Pueblo de Oaxaca (DDHPO),\nas\u00ed como diputadas y diputados locales, autoridades municipales, comunitarias,\nn\u00facleos agrarios, organizaciones sociales, organizaciones civiles y ciudadanos\ny ciudadanas ind\u00edgenas y afromexicano.<\/p>\n","protected":false},"excerpt":{"rendered":"<p>Redacci\u00f3n\/Zona Roja. Luego de tres a\u00f1os de emitida una recomendaci\u00f3n general por parte de la&hellip;<\/p>\n","protected":false},"author":2,"featured_media":4837,"comment_status":"closed","ping_status":"open","sticky":false,"template":"","format":"standard","meta":{"_lmt_disableupdate":"","_lmt_disable":"","_jetpack_memberships_contains_paid_content":false,"footnotes":""},"categories":[109,46],"tags":[213],"class_list":["post-4836","post","type-post","status-publish","format-standard","has-post-thumbnail","hentry","category-minuto-a-minuto","category-zona-blanca","tag-64-legislatura-de-oaxaca"],"jetpack_featured_media_url":"https:\/\/zonaroja.com.mx\/wp-content\/uploads\/2019\/10\/Foro-Congreso.jpg","jetpack_sharing_enabled":true,"_links":{"self":[{"href":"https:\/\/zonaroja.com.mx\/index.php?rest_route=\/wp\/v2\/posts\/4836","targetHints":{"allow":["GET"]}}],"collection":[{"href":"https:\/\/zonaroja.com.mx\/index.php?rest_route=\/wp\/v2\/posts"}],"about":[{"href":"https:\/\/zonaroja.com.mx\/index.php?rest_route=\/wp\/v2\/types\/post"}],"author":[{"embeddable":true,"href":"https:\/\/zonaroja.com.mx\/index.php?rest_route=\/wp\/v2\/users\/2"}],"replies":[{"embeddable":true,"href":"https:\/\/zonaroja.com.mx\/index.php?rest_route=%2Fwp%2Fv2%2Fcomments&post=4836"}],"version-history":[{"count":2,"href":"https:\/\/zonaroja.com.mx\/index.php?rest_route=\/wp\/v2\/posts\/4836\/revisions"}],"predecessor-version":[{"id":4839,"href":"https:\/\/zonaroja.com.mx\/index.php?rest_route=\/wp\/v2\/posts\/4836\/revisions\/4839"}],"wp:featuredmedia":[{"embeddable":true,"href":"https:\/\/zonaroja.com.mx\/index.php?rest_route=\/wp\/v2\/media\/4837"}],"wp:attachment":[{"href":"https:\/\/zonaroja.com.mx\/index.php?rest_route=%2Fwp%2Fv2%2Fmedia&parent=4836"}],"wp:term":[{"taxonomy":"category","embeddable":true,"href":"https:\/\/zonaroja.com.mx\/index.php?rest_route=%2Fwp%2Fv2%2Fcategories&post=4836"},{"taxonomy":"post_tag","embeddable":true,"href":"https:\/\/zonaroja.com.mx\/index.php?rest_route=%2Fwp%2Fv2%2Ftags&post=4836"}],"curies":[{"name":"wp","href":"https:\/\/api.w.org\/{rel}","templated":true}]}}