{"id":48366,"date":"2022-11-22T08:41:21","date_gmt":"2022-11-22T14:41:21","guid":{"rendered":"http:\/\/www.zonaroja.com.mx\/?p=48366"},"modified":"2022-11-22T08:41:22","modified_gmt":"2022-11-22T14:41:22","slug":"es-normal-que-se-cauce-polemica-en-torno-al-fallecimiento-edil-de-juchitan-sobre-migrante","status":"publish","type":"post","link":"https:\/\/zonaroja.com.mx\/?p=48366","title":{"rendered":"\u201cEs normal que se cauce pol\u00e9mica en torno al fallecimiento\u201d: edil de Juchit\u00e1n sobre migrante"},"content":{"rendered":"\n<p>Ismael Garc\u00eda M.\/Zona Roja.<\/p>\n\n\n\n<p>Oaxaca de Juarez, Oax., a 22 de noviembre de 2022.- El presidente municipal de Juchit\u00e1n de Zaragoza reconoci\u00f3 que fue personal municipal el que detuvo al migrante africano, que horas despu\u00e9s muri\u00f3 en los separos, hasta ahora por causas desconocidas.<\/p>\n\n\n\n<p>\u201cEs normal que se cauce pol\u00e9mica en torno a este fallecimiento de un hermano migrante en las instalaciones de esta comisar\u00eda\u201d, dijo en conferencia de prensa que ofreci\u00f3 ayer, al intentar deslindar responsabilidad.<\/p>\n\n\n\n<p>Dieng Mohamed Lamine, originario de Senegal, fue detenido al mediod\u00eda del domingo 20 de noviembre porque \u201cmolestaba\u201d a alumnos que participaban en el desfile revolucionario.<\/p>\n\n\n\n<p>Seg\u00fan la narraci\u00f3n del propio edil:<\/p>\n\n\n\n<p>El comisario de Seguridad P\u00fablica, Jhon Keny Moreno Segura, recibi\u00f3 una llamada del director de la Secundaria T\u00e9cnica 103, Ren\u00e9 Blas Aguilar, quien inform\u00f3 de una persona alteraba el orden p\u00fablico.<\/p>\n\n\n\n<p>Tras ello se voce\u00f3 a uniformados en la zona y entonces elementos de Protecci\u00f3n Civil detectan al se\u00f1alado \u201ctratando de agredir a los compa\u00f1eros\u201d; frente al hotel \u201cLa Mansi\u00f3n\u201d, otro elemento vial municipal se percata de ello y \u201clos maestros ped\u00edan que detuviera a la persona.<\/p>\n\n\n\n<p>\u201cSe act\u00faa en consecuencia y se extiende al certificado m\u00e9dico en torno al protocolo que se debe realizar; se traslada a la persona a esta comisar\u00eda para tenerlo bajo la celda.<\/p>\n\n\n\n<p>\u201cDespu\u00e9s se da a la persona unas horas a la persona que se detiene, de repente la ven acostada, piden el apoyo del Cuerpo de Bomberos, que emite un dictamen que ya no se encontraba con signos vitales\u201d, detall\u00f3.<\/p>\n\n\n\n<p>\u201cYo me atrever\u00eda a decir que no busquemos a culpables a\u00fan, que no se satanice el actuar de la polic\u00eda, que ha sido un tema muy complejo el de la seguridad\u201d, remarc\u00f3 Montero P\u00e9rez.<\/p>\n\n\n\n<p>Por la noche, el presidente municipal de Juchit\u00e1n dio a conocer el reemplazo de Jhon Keny Moreno Segura por Amado Vicente G\u00f3mez Urbieta como comisaria de seguridad p\u00fablica, a fin de agilizar las investigaciones.<\/p>\n","protected":false},"excerpt":{"rendered":"<p>Ismael Garc\u00eda M.\/Zona Roja. Oaxaca de Juarez, Oax., a 22 de noviembre de 2022.- El&hellip;<\/p>\n","protected":false},"author":2,"featured_media":48357,"comment_status":"closed","ping_status":"open","sticky":false,"template":"","format":"standard","meta":{"_lmt_disableupdate":"","_lmt_disable":"","_jetpack_memberships_contains_paid_content":false,"footnotes":""},"categories":[109,47],"tags":[1829,123],"class_list":["post-48366","post","type-post","status-publish","format-standard","has-post-thumbnail","hentry","category-minuto-a-minuto","category-zona-gris","tag-emilio-montero-perez","tag-juchitan-de-zaragoza"],"jetpack_featured_media_url":"https:\/\/zonaroja.com.mx\/wp-content\/uploads\/2022\/11\/Migrante-senegales-Juchitan-1.jpeg","jetpack_sharing_enabled":true,"_links":{"self":[{"href":"https:\/\/zonaroja.com.mx\/index.php?rest_route=\/wp\/v2\/posts\/48366","targetHints":{"allow":["GET"]}}],"collection":[{"href":"https:\/\/zonaroja.com.mx\/index.php?rest_route=\/wp\/v2\/posts"}],"about":[{"href":"https:\/\/zonaroja.com.mx\/index.php?rest_route=\/wp\/v2\/types\/post"}],"author":[{"embeddable":true,"href":"https:\/\/zonaroja.com.mx\/index.php?rest_route=\/wp\/v2\/users\/2"}],"replies":[{"embeddable":true,"href":"https:\/\/zonaroja.com.mx\/index.php?rest_route=%2Fwp%2Fv2%2Fcomments&post=48366"}],"version-history":[{"count":1,"href":"https:\/\/zonaroja.com.mx\/index.php?rest_route=\/wp\/v2\/posts\/48366\/revisions"}],"predecessor-version":[{"id":48367,"href":"https:\/\/zonaroja.com.mx\/index.php?rest_route=\/wp\/v2\/posts\/48366\/revisions\/48367"}],"wp:featuredmedia":[{"embeddable":true,"href":"https:\/\/zonaroja.com.mx\/index.php?rest_route=\/wp\/v2\/media\/48357"}],"wp:attachment":[{"href":"https:\/\/zonaroja.com.mx\/index.php?rest_route=%2Fwp%2Fv2%2Fmedia&parent=48366"}],"wp:term":[{"taxonomy":"category","embeddable":true,"href":"https:\/\/zonaroja.com.mx\/index.php?rest_route=%2Fwp%2Fv2%2Fcategories&post=48366"},{"taxonomy":"post_tag","embeddable":true,"href":"https:\/\/zonaroja.com.mx\/index.php?rest_route=%2Fwp%2Fv2%2Ftags&post=48366"}],"curies":[{"name":"wp","href":"https:\/\/api.w.org\/{rel}","templated":true}]}}