{"id":48379,"date":"2022-11-23T09:29:00","date_gmt":"2022-11-23T15:29:00","guid":{"rendered":"http:\/\/www.zonaroja.com.mx\/?p=48379"},"modified":"2022-11-23T06:20:31","modified_gmt":"2022-11-23T12:20:31","slug":"opinion-de-la-marcha-al-desfile","status":"publish","type":"post","link":"https:\/\/zonaroja.com.mx\/?p=48379","title":{"rendered":"Opini\u00f3n. De la marcha al desfile"},"content":{"rendered":"\n<p>N\u00e9stor Y. S\u00e1nchez Islas<\/p>\n\n\n\n<p>El contraste, los significados y el costo econ\u00f3mico est\u00e1n en extremos opuestos. &nbsp;La marcha hist\u00f3rica del domingo pasado en m\u00e1s de 50 ciudades del pa\u00eds y del extranjero en defensa de dos instituciones necesarias para nuestro futuro, la democracia y el INE, tiene como respuesta un desfile&nbsp;oficial&nbsp;ordenado por el propio presidente y con cargo al erario. Podr\u00e1n faltar recursos para salud, pero no para los acarreados.<\/p>\n\n\n\n<p>Marcharon voluntariamente, sin recompensa de por medio, cientos de miles de personas, quiz\u00e1 una cifra superior al mill\u00f3n en todo el pa\u00eds, sin saber los que participaban&nbsp;que tendr\u00edan dos resultados inmediatos:hicieron historia e hicieron enojar al presidente.<\/p>\n\n\n\n<p>Quienes salieron a las calles fueron en su mayor\u00eda las clases medias, aquellas que normalmente son indiferentes a este tipo de participaci\u00f3n pol\u00edtica.&nbsp;<\/p>\n\n\n\n<p>Tan mal se ve el futuro del pa\u00eds con la mal llamada reforma electoral que dejaron atr\u00e1s la indiferencia y realizaron lo que parec\u00eda impensable: arrebatarle la calle al rey de las marchas, bloqueos y plantones, cosa que no puede perdonar su ego.<\/p>\n\n\n\n<p>Antes de la marcha el presidente utiliz\u00f3 todo tipo de descalificativos contra quienes participar\u00edan: conservadores, fif\u00eds, neoliberales, corruptos y otros insultos de su abundante&nbsp;repertorio.&nbsp;<\/p>\n\n\n\n<p>El lunes posterior los insultos subieron de tono al grado de que no pudo soportar la afrenta y convoc\u00f3 a su propio desfile, no una marcha. Las marchas son de protesta, los desfiles son para festejar y rendir culto a alguien.&nbsp;<\/p>\n\n\n\n<p>La marcha fue en la defensa de instituciones democr\u00e1ticas, el desfile ser\u00e1 para cantar que es un honor estar con Obrador.&nbsp;<\/p>\n\n\n\n<p>Vamos&nbsp;de la revoluci\u00f3n permanente de Trotsky a la movilizaci\u00f3n permanente de Obrador, eso es lo que tendremos los pr\u00f3ximos dos a\u00f1os: movilizaciones e inestabilidad social provocada por \u00e9l.<\/p>\n\n\n\n<p>Este&nbsp;ego&nbsp;es&nbsp;el&nbsp;mismo&nbsp;del viejo r\u00e9gimen. No tengo recuerdos anteriores al gobierno de Luis Echeverr\u00eda, pero con \u00e9l y Jos\u00e9 L\u00f3pez Portillo tuve la oportunidad de ver&nbsp;en movimiento&nbsp;lo que quedaba de las fuerzas vivas de la revoluci\u00f3n.&nbsp;<\/p>\n\n\n\n<p>La televisi\u00f3n en cadena nacional transmit\u00eda aquellos largos desfiles de obreros y campesinos cargando mantas con el logo de la CNOP y todo tipo de consignas de apoyo al ejecutivo. La fotograf\u00eda oficial se tomaba desde atr\u00e1s del presidente en el balc\u00f3n central del palacio con el z\u00f3calo lleno de pueblo bueno celebrando alguna atinada decisi\u00f3n del aut\u00f3crata en turno.<\/p>\n\n\n\n<p>En septiembre de 1982, en el \u00faltimo informe presidencial de L\u00f3pez Portillo, en el que llor\u00f3 por los pobres, anunci\u00f3 su decisi\u00f3n de expropiar los bancos privados. Fue un golpe terrible para la econom\u00eda que llev\u00f3 al pa\u00eds a la peor crisis&nbsp;hasta entonces.&nbsp;<\/p>\n\n\n\n<p>A pesar de ello, las fuerzas vivas de aquel modelo pol\u00edtico que tanto a\u00f1ora L\u00f3pez Obrador se dedicaron a realizar toda clase de desfiles triunfantes, celebrando que estaba hundiendo a\u00fan m\u00e1s al pa\u00eds.<\/p>\n\n\n\n<p>Pocas semanas despu\u00e9s de aquel 1 de septiembre de 1982, Portillo vino a Oaxaca. Estuve ah\u00ed. La calle de Independencia por donde arrib\u00f3 al teatro Macedonio Alcal\u00e1 estaba repleta de acarreados con todo tipo de mantas de apoyo, bandas de m\u00fasica y&nbsp;toneladas de confeti.&nbsp;<\/p>\n\n\n\n<p>El acto pol\u00edtico fue en el teatro Alcal\u00e1, el orador principal fue Ildefonso Zorrilla Cuevas quien, lleno de zalamer\u00eda, elogi\u00f3 al presidente a quien calific\u00f3 como hist\u00f3rico.&nbsp;<\/p>\n\n\n\n<p>El teatro se levant\u00f3 y de pie ovacion\u00f3 al orador y al presidente, un personaje alto, elegante, muy culto y gran orador&nbsp;con potente&nbsp;voz. A pesar de ello, Portillo termin\u00f3 en el basurero de la historia nacional.<\/p>\n\n\n\n<p>L\u00f3pez Portillo se fue unas semanas despu\u00e9s y el pa\u00eds tard\u00f3 a\u00f1os en recuperarse del abismo econ\u00f3mico en que nos dej\u00f3.&nbsp;<\/p>\n\n\n\n<p>\u00c9l mismo se consider\u00f3 el \u201c\u00faltimo presidente de la revoluci\u00f3n\u201d pues tuvo que dejar a un economista de amplios conocimientos, tecn\u00f3cratas les llaman, para tratar de enderezar el barco, pagar la deuda externa y estabilizar la econom\u00eda.<\/p>\n\n\n\n<p>Hoy tenemos que el presidente Obrador est\u00e1 repitiendo algunas cosas.&nbsp;<\/p>\n\n\n\n<p>El desfile al que convoca es para demostrar que el pueblo, es decir \u00e9l mismo, est\u00e1 de acuerdo con la contra reforma electoral que le entregar\u00eda el control de las elecciones al gobierno, como se hizo hasta 1992, est\u00e1 queriendo regresar al pa\u00eds al modelo autoritario priista.&nbsp;<\/p>\n\n\n\n<p>Lo curioso es que tanta gente que dice que repudia al viejo partido est\u00e9 hoy apoyando su regreso a trav\u00e9s de la mal llamada cuarta transformaci\u00f3n, es decir,&nbsp;AMLO&nbsp;es el regreso al viejo PRI.<\/p>\n\n\n\n<p>Morena&nbsp;dice que llevar\u00e1 20 mil oaxaque\u00f1os al desfile. Veamos, de a $300 por cabeza son&nbsp;6&nbsp;millones de pesos. De alimentaci\u00f3n podr\u00edan ser unos $100 por cabeza, es decir, 2 millones m\u00e1s.&nbsp;<\/p>\n\n\n\n<p>La renta de 500 autobuses (40 pasajeros por cami\u00f3n) a unos $9&nbsp;mil por cada uno son otros 4.5&nbsp;millones.&nbsp;<\/p>\n\n\n\n<p>A eso agregar playeras, gorras, lonas y hotel y avi\u00f3n para la dirigencia que no ir\u00e1 con los acarreados.&nbsp;Llevar esa gente costar\u00e1&nbsp;por lo menos&nbsp;13 millones de pesos&nbsp;en cash.&nbsp;Hay prioridades. Primero el ego presidencial, luego medicinas&nbsp;para ni\u00f1os con c\u00e1ncer.<\/p>\n\n\n\n<p>Twitter @nestoryuri<\/p>\n","protected":false},"excerpt":{"rendered":"<p>N\u00e9stor Y. S\u00e1nchez Islas El contraste, los significados y el costo econ\u00f3mico est\u00e1n en extremos&hellip;<\/p>\n","protected":false},"author":2,"featured_media":41861,"comment_status":"closed","ping_status":"open","sticky":false,"template":"","format":"standard","meta":{"_lmt_disableupdate":"","_lmt_disable":"","_jetpack_memberships_contains_paid_content":false,"footnotes":""},"categories":[456,109],"tags":[3050],"class_list":["post-48379","post","type-post","status-publish","format-standard","has-post-thumbnail","hentry","category-columna","category-minuto-a-minuto","tag-nestor-yuri-sanchez"],"jetpack_featured_media_url":"https:\/\/zonaroja.com.mx\/wp-content\/uploads\/2022\/05\/Opinion-Nestor-Yuri-Sanchez-Islas.jpg","jetpack_sharing_enabled":true,"_links":{"self":[{"href":"https:\/\/zonaroja.com.mx\/index.php?rest_route=\/wp\/v2\/posts\/48379","targetHints":{"allow":["GET"]}}],"collection":[{"href":"https:\/\/zonaroja.com.mx\/index.php?rest_route=\/wp\/v2\/posts"}],"about":[{"href":"https:\/\/zonaroja.com.mx\/index.php?rest_route=\/wp\/v2\/types\/post"}],"author":[{"embeddable":true,"href":"https:\/\/zonaroja.com.mx\/index.php?rest_route=\/wp\/v2\/users\/2"}],"replies":[{"embeddable":true,"href":"https:\/\/zonaroja.com.mx\/index.php?rest_route=%2Fwp%2Fv2%2Fcomments&post=48379"}],"version-history":[{"count":1,"href":"https:\/\/zonaroja.com.mx\/index.php?rest_route=\/wp\/v2\/posts\/48379\/revisions"}],"predecessor-version":[{"id":48380,"href":"https:\/\/zonaroja.com.mx\/index.php?rest_route=\/wp\/v2\/posts\/48379\/revisions\/48380"}],"wp:featuredmedia":[{"embeddable":true,"href":"https:\/\/zonaroja.com.mx\/index.php?rest_route=\/wp\/v2\/media\/41861"}],"wp:attachment":[{"href":"https:\/\/zonaroja.com.mx\/index.php?rest_route=%2Fwp%2Fv2%2Fmedia&parent=48379"}],"wp:term":[{"taxonomy":"category","embeddable":true,"href":"https:\/\/zonaroja.com.mx\/index.php?rest_route=%2Fwp%2Fv2%2Fcategories&post=48379"},{"taxonomy":"post_tag","embeddable":true,"href":"https:\/\/zonaroja.com.mx\/index.php?rest_route=%2Fwp%2Fv2%2Ftags&post=48379"}],"curies":[{"name":"wp","href":"https:\/\/api.w.org\/{rel}","templated":true}]}}