{"id":48389,"date":"2022-11-22T21:51:33","date_gmt":"2022-11-23T03:51:33","guid":{"rendered":"http:\/\/www.zonaroja.com.mx\/?p=48389"},"modified":"2022-11-22T21:51:42","modified_gmt":"2022-11-23T03:51:42","slug":"crece-en-afiliados-confederacion-internacional-de-trabajadores-en-oaxaca","status":"publish","type":"post","link":"https:\/\/zonaroja.com.mx\/?p=48389","title":{"rendered":"Crece en afiliados Confederaci\u00f3n Internacional de Trabajadores en Oaxaca"},"content":{"rendered":"\n<p>Redacci\u00f3n\/Zona Roja.<\/p>\n\n\n\n<p>Oaxaca de Juarez, Oax., a 22 de noviembre de 2022.- La Confederaci\u00f3n Internacional de Trabajadores (CIT) en Oaxaca afili\u00f3 este lunes a m\u00e1s transportistas a ese gremio sindical.<\/p>\n\n\n\n<p>En un acto efectuado al sur de la capital, el dirigente de la agrupaci\u00f3n, Marcos S\u00e1nchez Cruz, peg\u00f3 calcas a unidades del servicio de alquiler de localidades como San Antonio de la Cal, \u00c1nimas Trujano, San Agust\u00edn de las Juntas, entre otros.<\/p>\n\n\n\n<p>Durante la actividad, afirm\u00f3 que fueron al menos 80 operadores los que se sumaron a la CIT, que ya tiene presencia en la mayor parte del estado.<\/p>\n\n\n\n<p>Marcos S\u00e1nchez garantiz\u00f3 que se trata de un gremio que s\u00f3lo busca trabajar de manera tranquila, sin violencia, siempre buscando mejoras para sus agremiados.<\/p>\n\n\n\n<p>De la misma manera, se les brinda capacitaci\u00f3n con la finalidad de ofrecer un servicio \u00f3ptimo a los usuarios, en el caso de los taxistas y mototaxistas.<\/p>\n\n\n\n<p>\u201cLa Confederaci\u00f3n Internacional est\u00e1 creciendo en todas sus secciones, s\u00f3lo queremos trabajar tranquilamente, cumpliendo con los reglamentos establecidos\u201d remarc\u00f3.<\/p>\n","protected":false},"excerpt":{"rendered":"<p>Redacci\u00f3n\/Zona Roja. Oaxaca de Juarez, Oax., a 22 de noviembre de 2022.- La Confederaci\u00f3n Internacional&hellip;<\/p>\n","protected":false},"author":2,"featured_media":48386,"comment_status":"closed","ping_status":"open","sticky":false,"template":"","format":"standard","meta":{"_lmt_disableupdate":"","_lmt_disable":"","_jetpack_memberships_contains_paid_content":false,"footnotes":""},"categories":[109,46],"tags":[3072],"class_list":["post-48389","post","type-post","status-publish","format-standard","has-post-thumbnail","hentry","category-minuto-a-minuto","category-zona-blanca","tag-confederacion-internacional-de-trabajadores-cit"],"jetpack_featured_media_url":"https:\/\/zonaroja.com.mx\/wp-content\/uploads\/2022\/11\/CIT-transportistas.jpg","jetpack_sharing_enabled":true,"_links":{"self":[{"href":"https:\/\/zonaroja.com.mx\/index.php?rest_route=\/wp\/v2\/posts\/48389","targetHints":{"allow":["GET"]}}],"collection":[{"href":"https:\/\/zonaroja.com.mx\/index.php?rest_route=\/wp\/v2\/posts"}],"about":[{"href":"https:\/\/zonaroja.com.mx\/index.php?rest_route=\/wp\/v2\/types\/post"}],"author":[{"embeddable":true,"href":"https:\/\/zonaroja.com.mx\/index.php?rest_route=\/wp\/v2\/users\/2"}],"replies":[{"embeddable":true,"href":"https:\/\/zonaroja.com.mx\/index.php?rest_route=%2Fwp%2Fv2%2Fcomments&post=48389"}],"version-history":[{"count":2,"href":"https:\/\/zonaroja.com.mx\/index.php?rest_route=\/wp\/v2\/posts\/48389\/revisions"}],"predecessor-version":[{"id":48391,"href":"https:\/\/zonaroja.com.mx\/index.php?rest_route=\/wp\/v2\/posts\/48389\/revisions\/48391"}],"wp:featuredmedia":[{"embeddable":true,"href":"https:\/\/zonaroja.com.mx\/index.php?rest_route=\/wp\/v2\/media\/48386"}],"wp:attachment":[{"href":"https:\/\/zonaroja.com.mx\/index.php?rest_route=%2Fwp%2Fv2%2Fmedia&parent=48389"}],"wp:term":[{"taxonomy":"category","embeddable":true,"href":"https:\/\/zonaroja.com.mx\/index.php?rest_route=%2Fwp%2Fv2%2Fcategories&post=48389"},{"taxonomy":"post_tag","embeddable":true,"href":"https:\/\/zonaroja.com.mx\/index.php?rest_route=%2Fwp%2Fv2%2Ftags&post=48389"}],"curies":[{"name":"wp","href":"https:\/\/api.w.org\/{rel}","templated":true}]}}