{"id":48392,"date":"2022-11-22T22:24:04","date_gmt":"2022-11-23T04:24:04","guid":{"rendered":"http:\/\/www.zonaroja.com.mx\/?p=48392"},"modified":"2022-11-22T22:24:05","modified_gmt":"2022-11-23T04:24:05","slug":"ejecutan-a-balazos-a-individuo-en-ejutla-de-crespo","status":"publish","type":"post","link":"https:\/\/zonaroja.com.mx\/?p=48392","title":{"rendered":"Ejecutan a balazos a individuo en Ejutla de Crespo"},"content":{"rendered":"\n<p>Redacci\u00f3n\/Zona Roja.<\/p>\n\n\n\n<p>Oaxaca de Ju\u00e1rez, Oax., a 22 de noviembre de 2022.- Una persona del sexo masculino fue ejecutada por disparos de arma de fuego en el municipio de Ejutla de Crespo, Oaxaca.<\/p>\n\n\n\n<p>El crimen se perpetr\u00f3 aproximadamente a las 15:00 horas en un domicilio ubicado en el callej\u00f3n Progreso, del barrio El Progreso.<\/p>\n\n\n\n<p>Sujetos armados arribaron a la casa y dispararon directamente en contra del hoy occiso, identificado de manera preliminar como Eleuterio L. V., de aproximadamente 35 a\u00f1os de edad.<\/p>\n\n\n\n<p>Elementos de la polic\u00eda municipal acordonaron la zona, mientras que personal de la Fiscal\u00eda General del Estado inici\u00f3 las indagatorias correspondientes.<\/p>\n\n\n\n<p>En tanto, este d\u00eda falleci\u00f3 en un hospital de Salina Cruz un individuo que fue baleado la noche del domingo, presuntamente por una ri\u00f1a, en el municipio de San Blas Atempa.<\/p>\n\n\n\n<p>Era originario del estado de Veracruz y laboraba en una obra en construcci\u00f3n en Tehuantepec; supuestamente conviv\u00eda con otras personas cuando fue atacado a balazos, en varias partes del cuerpo, entre ellas la cabeza.<\/p>\n","protected":false},"excerpt":{"rendered":"<p>Redacci\u00f3n\/Zona Roja. Oaxaca de Ju\u00e1rez, Oax., a 22 de noviembre de 2022.- Una persona del&hellip;<\/p>\n","protected":false},"author":2,"featured_media":29993,"comment_status":"closed","ping_status":"open","sticky":false,"template":"","format":"standard","meta":{"_lmt_disableupdate":"","_lmt_disable":"","_jetpack_memberships_contains_paid_content":false,"footnotes":""},"categories":[109,51],"tags":[702],"class_list":["post-48392","post","type-post","status-publish","format-standard","has-post-thumbnail","hentry","category-minuto-a-minuto","category-zona-roja","tag-ejutla-de-crespo"],"jetpack_featured_media_url":"https:\/\/zonaroja.com.mx\/wp-content\/uploads\/2021\/07\/Escena-balazos.jpg","jetpack_sharing_enabled":true,"_links":{"self":[{"href":"https:\/\/zonaroja.com.mx\/index.php?rest_route=\/wp\/v2\/posts\/48392","targetHints":{"allow":["GET"]}}],"collection":[{"href":"https:\/\/zonaroja.com.mx\/index.php?rest_route=\/wp\/v2\/posts"}],"about":[{"href":"https:\/\/zonaroja.com.mx\/index.php?rest_route=\/wp\/v2\/types\/post"}],"author":[{"embeddable":true,"href":"https:\/\/zonaroja.com.mx\/index.php?rest_route=\/wp\/v2\/users\/2"}],"replies":[{"embeddable":true,"href":"https:\/\/zonaroja.com.mx\/index.php?rest_route=%2Fwp%2Fv2%2Fcomments&post=48392"}],"version-history":[{"count":1,"href":"https:\/\/zonaroja.com.mx\/index.php?rest_route=\/wp\/v2\/posts\/48392\/revisions"}],"predecessor-version":[{"id":48393,"href":"https:\/\/zonaroja.com.mx\/index.php?rest_route=\/wp\/v2\/posts\/48392\/revisions\/48393"}],"wp:featuredmedia":[{"embeddable":true,"href":"https:\/\/zonaroja.com.mx\/index.php?rest_route=\/wp\/v2\/media\/29993"}],"wp:attachment":[{"href":"https:\/\/zonaroja.com.mx\/index.php?rest_route=%2Fwp%2Fv2%2Fmedia&parent=48392"}],"wp:term":[{"taxonomy":"category","embeddable":true,"href":"https:\/\/zonaroja.com.mx\/index.php?rest_route=%2Fwp%2Fv2%2Fcategories&post=48392"},{"taxonomy":"post_tag","embeddable":true,"href":"https:\/\/zonaroja.com.mx\/index.php?rest_route=%2Fwp%2Fv2%2Ftags&post=48392"}],"curies":[{"name":"wp","href":"https:\/\/api.w.org\/{rel}","templated":true}]}}