{"id":48396,"date":"2022-11-23T07:35:01","date_gmt":"2022-11-23T13:35:01","guid":{"rendered":"http:\/\/www.zonaroja.com.mx\/?p=48396"},"modified":"2022-11-23T07:35:03","modified_gmt":"2022-11-23T13:35:03","slug":"asesinan-a-un-periodista-en-veracruz-y-reportan-desaparicion-de-otro","status":"publish","type":"post","link":"https:\/\/zonaroja.com.mx\/?p=48396","title":{"rendered":"Asesinan a un periodista en Veracruz y reportan desaparici\u00f3n de otro"},"content":{"rendered":"\n<p>Redacci\u00f3n\/Zona Roja Cdmx.<\/p>\n\n\n\n<p>Ciudad de M\u00e9xico, a 23 de noviembre de 2022.- En Veracruz, un periodista fue asesinado a balazos en la ciudad de Xalapa y otro fue reportado con desaparecido en Ciudad Isla.<\/p>\n\n\n\n<p>La tarde del lunes en la localidad de El Castillo, Pedro Pablo Kumul fue ultimado mientras conduc\u00eda un taxi en el que tambi\u00e9n laboraba.<\/p>\n\n\n\n<p>La unidad de motor se estrell\u00f3 contra un poste de luz; el comunicador perdi\u00f3 la vida mientras que su pareja sentimental result\u00f3 ilesa.<\/p>\n\n\n\n<p>\u201cLamentamos el terrible suceso que aconteci\u00f3 esta tarde en la localidad de Castillo donde perdi\u00f3 la vida nuestro amigo, locutor y reportero de este medio de comunicaci\u00f3n Ax Noticias y Es Amor 104.5 HD Pedro Pablo\u201d, dio a conocer el medio informativo a trav\u00e9s de redes sociales.<\/p>\n\n\n\n<p>En tanto que desde el domingo, no localizan al periodista Francisco Hern\u00e1ndez Elvira, quien fue reportado en calidad de desaparecido.<\/p>\n\n\n\n<p>El coordinador del medio Radio Az\u00facar FM y presidente del Club de Periodistas del municipio de Isla, una regi\u00f3n agropecuaria del sur de Veracruz, presuntamente privado de la libertad por un grupo de delincuentes.<\/p>\n\n\n\n<p>Adem\u00e1s, sus familiares denunciaron que el departamento que habitaba hab\u00eda sido allanado, sus pertenencias revueltas y su mascota asesinada.<\/p>\n\n\n\n<p>La Comisi\u00f3n Estatal de B\u00fasqueda de Personas emiti\u00f3 una ficha de b\u00fasqueda oficial del comunicador.<\/p>\n\n\n\n<p>De confirmarse que el asesinato del reportero y tambi\u00e9n taxista se debi\u00f3 a su labor period\u00edstica, Pedro Pablo Kumul, ser\u00eda el decimonoveno comunicador asesinado en M\u00e9xico en lo que va de a\u00f1o, seg\u00fan cifras de la Sociedad Interamericana de Prensa (SIP).<\/p>\n\n\n\n<p>Con este \u00faltimo, son 155 los comunicadores asesinados en posible relaci\u00f3n con su labor period\u00edstica en el pa\u00eds desde 2000, seg\u00fan la organizaci\u00f3n Art\u00edculo 19.<\/p>\n","protected":false},"excerpt":{"rendered":"<p>Redacci\u00f3n\/Zona Roja Cdmx. Ciudad de M\u00e9xico, a 23 de noviembre de 2022.- En Veracruz, un&hellip;<\/p>\n","protected":false},"author":2,"featured_media":48397,"comment_status":"closed","ping_status":"open","sticky":false,"template":"","format":"standard","meta":{"_lmt_disableupdate":"","_lmt_disable":"","_jetpack_memberships_contains_paid_content":false,"footnotes":""},"categories":[109,47],"tags":[1016],"class_list":["post-48396","post","type-post","status-publish","format-standard","has-post-thumbnail","hentry","category-minuto-a-minuto","category-zona-gris","tag-asesinato-de-periodistas-en-mexico"],"jetpack_featured_media_url":"https:\/\/zonaroja.com.mx\/wp-content\/uploads\/2022\/11\/Periodistas-Veracruz-asesinado.jpg","jetpack_sharing_enabled":true,"_links":{"self":[{"href":"https:\/\/zonaroja.com.mx\/index.php?rest_route=\/wp\/v2\/posts\/48396","targetHints":{"allow":["GET"]}}],"collection":[{"href":"https:\/\/zonaroja.com.mx\/index.php?rest_route=\/wp\/v2\/posts"}],"about":[{"href":"https:\/\/zonaroja.com.mx\/index.php?rest_route=\/wp\/v2\/types\/post"}],"author":[{"embeddable":true,"href":"https:\/\/zonaroja.com.mx\/index.php?rest_route=\/wp\/v2\/users\/2"}],"replies":[{"embeddable":true,"href":"https:\/\/zonaroja.com.mx\/index.php?rest_route=%2Fwp%2Fv2%2Fcomments&post=48396"}],"version-history":[{"count":1,"href":"https:\/\/zonaroja.com.mx\/index.php?rest_route=\/wp\/v2\/posts\/48396\/revisions"}],"predecessor-version":[{"id":48398,"href":"https:\/\/zonaroja.com.mx\/index.php?rest_route=\/wp\/v2\/posts\/48396\/revisions\/48398"}],"wp:featuredmedia":[{"embeddable":true,"href":"https:\/\/zonaroja.com.mx\/index.php?rest_route=\/wp\/v2\/media\/48397"}],"wp:attachment":[{"href":"https:\/\/zonaroja.com.mx\/index.php?rest_route=%2Fwp%2Fv2%2Fmedia&parent=48396"}],"wp:term":[{"taxonomy":"category","embeddable":true,"href":"https:\/\/zonaroja.com.mx\/index.php?rest_route=%2Fwp%2Fv2%2Fcategories&post=48396"},{"taxonomy":"post_tag","embeddable":true,"href":"https:\/\/zonaroja.com.mx\/index.php?rest_route=%2Fwp%2Fv2%2Ftags&post=48396"}],"curies":[{"name":"wp","href":"https:\/\/api.w.org\/{rel}","templated":true}]}}