{"id":48399,"date":"2022-11-24T10:39:00","date_gmt":"2022-11-24T16:39:00","guid":{"rendered":"http:\/\/www.zonaroja.com.mx\/?p=48399"},"modified":"2022-11-24T06:15:26","modified_gmt":"2022-11-24T12:15:26","slug":"opinion-estampas-de-las-elites-decadentes","status":"publish","type":"post","link":"https:\/\/zonaroja.com.mx\/?p=48399","title":{"rendered":"Opini\u00f3n. Estampas de las \u00e9lites decadentes"},"content":{"rendered":"\n<p>Gibr\u00e1n Ram\u00edrez Reyes*<\/p>\n\n\n\n<p>De la \u00e9lite intelectual. Que la presidencia de El Colegio de M\u00e9xico y varios de sus directivos relativicen el vergonzante robo de ideas \u2013capitales para su obra\u2014 que Pierre Gaussens hizo de la tesis de licenciatura de Miguel \u00c1ngel Berber, habla no s\u00f3lo de la mencionada presidencia, sino de la crisis de nuestra educaci\u00f3n superior.&nbsp;<\/p>\n\n\n\n<p>Si ese desastre moral e intelectual es hoy admisible en una de las instituciones m\u00e1s respetadas de nuestro idioma, \u00bfqu\u00e9 suceder\u00e1 en todas las que son menos estrictas y reconocidas?&nbsp;<\/p>\n\n\n\n<p>Antes de leer la tesis de Berber, los planteamientos del doctor Gaussens eran, como toda su obra publicada, borrosos, verbosos y enredosos, claramente diferentes a lo presentado en el libro beneficiado del plagio.&nbsp;<\/p>\n\n\n\n<p>No se ve c\u00f3mo (ni siquiera retirando de la circulaci\u00f3n comercial el libro con ideas robadas o despidiendo de El Colegio al plagiador) esta administraci\u00f3n pueda quitarse de encima esa mancha; de todo lo sucedido estos a\u00f1os en la instituci\u00f3n es, desgraciadamente, lo m\u00e1s memorable.&nbsp;<\/p>\n\n\n\n<p>Presento aqu\u00ed mi respeto y reconocimiento a la comunidad acad\u00e9mica que se ha pronunciado dignamente.<\/p>\n\n\n\n<p>De la \u00e9lite empresarial. Que Carlos Slim tenga la desfachatez de emprender (ja) la confecci\u00f3n de un discurso optimista sobre el futuro en un auditorio lleno de j\u00f3venes, puede ser muestra de dos cosas, a cu\u00e1l m\u00e1s preocupante.&nbsp;<\/p>\n\n\n\n<p>O ignora las cifras de atraso educativo por la pandemia, la reducci\u00f3n del salario promedio y el aumento de la brecha salarial generacional y las din\u00e1micas de precarizaci\u00f3n del empleo, o simplemente le parece un horizonte feliz el del probable crecimiento econ\u00f3mico generado por empresas gigantes, como las suyas, con empleados empobrecidos y comunidades destruidas.&nbsp;<\/p>\n\n\n\n<p>O quiz\u00e1 s\u00f3lo es que aplaudir fuertemente al M\u00e9xico de hoy fue el costo que pag\u00f3 para salvar el pellejo por el crimen de la mala construcci\u00f3n de la l\u00ednea 12 en que sus empresas participaron.<\/p>\n\n\n\n<p>De la \u00e9lite pol\u00edtica. Que el Presidente de la Rep\u00fablica y su candidata, que es tambi\u00e9n la candidata de la oligarqu\u00eda y del sistema, pretendan que es \u201chist\u00f3rico\u201d que un mandatario llame a marchar o desfile \u00e9l mismo entre su p\u00fablico movilizado, con motivo del informe o por alguna reforma, podr\u00eda enternecer tal y como enternece la ignorancia acompa\u00f1ada de seguridad que a veces exponen los ni\u00f1os peque\u00f1os.&nbsp;<\/p>\n\n\n\n<p>Pero, a veces, la supuesta ignorancia en la boca de gobernantes es m\u00e1s bien aterradora. L\u00f3pez Portillo, que desfilaba con los suyos, tambi\u00e9n llam\u00f3 desde el poder a medio mill\u00f3n a marchar al Z\u00f3calo en ocasi\u00f3n de la expropiaci\u00f3n de la banca. L\u00f3pez Portillo ten\u00eda, por lo menos, un pretexto nacionalista cre\u00edble. Despu\u00e9s del breve y sucio expediente electoral de Morena, \u00bfc\u00f3mo duermen tranquilos L\u00f3pez Obrador y Sheinbaum proponiendo la elecci\u00f3n de consejeros electorales por voto universal en un esquema que permite la participaci\u00f3n disimulada y sin auditar de los partidos pol\u00edticos?, \u00bfc\u00f3mo pretenden que su reforma es para que el pueblo elija si en Morena permitieron, lo saben perfectamente, avanzar a los apadrinados de los millones de d\u00f3lares del finado Sergio Carmona y se beneficiaron de ello por lo menos electoralmente?, \u00bfc\u00f3mo hablan de elecci\u00f3n del pueblo si se benefician sistem\u00e1ticamente de la simulaci\u00f3n de \u201cQue siga la democracia A.C.\u201d?, \u00bfen qu\u00e9 son mejores que Romero Deschamps o Carlos Hank?, \u00bfes mejor la hipocres\u00eda que el cinismo?&nbsp;<\/p>\n\n\n\n<p>* Doctor en ciencia pol\u00edtica por la UNAM.<\/p>\n\n\n\n<p>@gibranrr<\/p>\n","protected":false},"excerpt":{"rendered":"<p>Gibr\u00e1n Ram\u00edrez Reyes* De la \u00e9lite intelectual. Que la presidencia de El Colegio de M\u00e9xico&hellip;<\/p>\n","protected":false},"author":2,"featured_media":41734,"comment_status":"closed","ping_status":"open","sticky":false,"template":"","format":"standard","meta":{"_lmt_disableupdate":"","_lmt_disable":"","_jetpack_memberships_contains_paid_content":false,"footnotes":""},"categories":[456,109],"tags":[2489],"class_list":["post-48399","post","type-post","status-publish","format-standard","has-post-thumbnail","hentry","category-columna","category-minuto-a-minuto","tag-gibran-ramirez-reyes"],"jetpack_featured_media_url":"https:\/\/zonaroja.com.mx\/wp-content\/uploads\/2022\/05\/Opinion-Gibran-Ramirez-Reyes.jpg","jetpack_sharing_enabled":true,"_links":{"self":[{"href":"https:\/\/zonaroja.com.mx\/index.php?rest_route=\/wp\/v2\/posts\/48399","targetHints":{"allow":["GET"]}}],"collection":[{"href":"https:\/\/zonaroja.com.mx\/index.php?rest_route=\/wp\/v2\/posts"}],"about":[{"href":"https:\/\/zonaroja.com.mx\/index.php?rest_route=\/wp\/v2\/types\/post"}],"author":[{"embeddable":true,"href":"https:\/\/zonaroja.com.mx\/index.php?rest_route=\/wp\/v2\/users\/2"}],"replies":[{"embeddable":true,"href":"https:\/\/zonaroja.com.mx\/index.php?rest_route=%2Fwp%2Fv2%2Fcomments&post=48399"}],"version-history":[{"count":1,"href":"https:\/\/zonaroja.com.mx\/index.php?rest_route=\/wp\/v2\/posts\/48399\/revisions"}],"predecessor-version":[{"id":48400,"href":"https:\/\/zonaroja.com.mx\/index.php?rest_route=\/wp\/v2\/posts\/48399\/revisions\/48400"}],"wp:featuredmedia":[{"embeddable":true,"href":"https:\/\/zonaroja.com.mx\/index.php?rest_route=\/wp\/v2\/media\/41734"}],"wp:attachment":[{"href":"https:\/\/zonaroja.com.mx\/index.php?rest_route=%2Fwp%2Fv2%2Fmedia&parent=48399"}],"wp:term":[{"taxonomy":"category","embeddable":true,"href":"https:\/\/zonaroja.com.mx\/index.php?rest_route=%2Fwp%2Fv2%2Fcategories&post=48399"},{"taxonomy":"post_tag","embeddable":true,"href":"https:\/\/zonaroja.com.mx\/index.php?rest_route=%2Fwp%2Fv2%2Ftags&post=48399"}],"curies":[{"name":"wp","href":"https:\/\/api.w.org\/{rel}","templated":true}]}}