{"id":48401,"date":"2022-11-23T09:56:00","date_gmt":"2022-11-23T15:56:00","guid":{"rendered":"http:\/\/www.zonaroja.com.mx\/?p=48401"},"modified":"2022-11-23T08:03:57","modified_gmt":"2022-11-23T14:03:57","slug":"premiaran-a-ruben-vasconcelos-con-notaria-negligente-en-caso-maria-del-sol","status":"publish","type":"post","link":"https:\/\/zonaroja.com.mx\/?p=48401","title":{"rendered":"\u201cPremiar\u00e1n\u201d a Rub\u00e9n Vasconcelos con notar\u00eda; negligente, en caso Mar\u00eda del Sol"},"content":{"rendered":"\n<p>Redacci\u00f3n\/Zona Roja.<\/p>\n\n\n\n<p>Oaxaca de Ju\u00e1rez, Oax., a 23 de noviembre de 2022.- El asesinato de la fotoperiodista Mar\u00eda del Sol Cruz Jarqu\u00edn permanece en la impunidad, a cuatro a\u00f1os de los hechos.<\/p>\n\n\n\n<p>Ello principalmente por errores y omisiones cometidas durante las investigaciones en el lapso de Rub\u00e9n Vasconcelos M\u00e9ndez al frente de la Fiscal\u00eda General del Estado.<\/p>\n\n\n\n<p>As\u00ed lo consideraron la organizaci\u00f3n Consorcio para el Di\u00e1logo Oaxaca y familiares de la v\u00edctima, entre ellas su madre, la periodista Soledad Cruz Jarqu\u00edn.<\/p>\n\n\n\n<p>\u201cA ocho d\u00edas de que concluya la actual administraci\u00f3n p\u00fablica de Alejandro Murat Hinojosa la simulaci\u00f3n persiste, el todav\u00eda gobernador de Oaxaca premiar\u00e1 a Rub\u00e9n Vasconcelos M\u00e9ndez con un Fiat Notarial, como un pago a sus infinitos favores, ha trascendido\u201d, difundi\u00f3 en un comunicado.<\/p>\n\n\n\n<p>Consorcio record\u00f3 que Mar\u00eda del Sol Cruz Jarqu\u00edn es una de las m\u00e1s de las 715&nbsp;v\u00edctimas de feminicidio en Oaxaca durante el actual sexenio.&nbsp;<\/p>\n\n\n\n<p>Ella fue asesinada el 2 de junio de 2018 junto con la candidata Pamela Ter\u00e1n Pineda y el chofer de \u00e9sta, Adelfo Jim\u00e9nez Guerra, en la poblaci\u00f3n de Juchit\u00e1n de Zaragoza.&nbsp;<\/p>\n\n\n\n<p>\u201cEn una franca violaci\u00f3n a la ley electoral, Mar\u00eda del Sol fue enviada a cubrir una campa\u00f1a pol\u00edtica, cuando ella era responsable de la jefatura de departamento de Comunicaci\u00f3n Ind\u00edgena Intercultural de la entonces Secretar\u00eda de Asuntos Ind\u00edgenas del gobierno de Oaxaca.<\/p>\n\n\n\n<p>\u201cHace exactamente un a\u00f1o, tras largas dilaciones en el proceso judicial, la evidente no aplicaci\u00f3n del protocolo correspondiente y una investigaci\u00f3n sin perspectiva de g\u00e9nero, as\u00ed como la sospechosa actuaci\u00f3n de un juez, se lleg\u00f3 a la etapa en&nbsp;que la \u00fanica persona detenida, en calidad de copart\u00edcipe, fue llevado ante un tribunal de enjuiciamiento.<\/p>\n\n\n\n<p>Sin embargo, el 22 de noviembre del 2022, la&nbsp;Fiscal\u00eda General&nbsp;del Estado de Oaxaca desisti\u00f3 de las acusaciones en contra del presunto inculpado, debido a omisiones, negligencias y acto de corrupci\u00f3n que quedaron plasmados en una carpeta de investigaci\u00f3n, entre ellos, errores en la investigaci\u00f3n, la falta de cuidado y preservaci\u00f3n de pruebas, y fabricaci\u00f3n de testigos.<\/p>\n\n\n\n<p>\u201cHechos que ocurrieron bajo la direcci\u00f3n del entonces fiscal de Oaxaca, Rub\u00e9n Vasconcelos M\u00e9ndez, empe\u00f1ado en obstaculizar el acceso a la justicia y el derecho a la verdad de lo ocurrido la madrugada del 2 de junio de 2018, acciones que dejaron ver el trasfondo de protecci\u00f3n a los perpetradores del feminicidio garantizando con ello la impunidad.&nbsp;<\/p>\n\n\n\n<p>\u201cFrente a esa realidad, la familia de Mar\u00eda del Sol Cruz Jarqu\u00edn y la asociaci\u00f3n civil Consorcio para el Di\u00e1logo Parlamentario y la Equidad, presentaron el emblem\u00e1tico caso de Mar\u00eda del Sol Cruz Jarqu\u00edn ante el Comit\u00e9 para la Eliminaci\u00f3n de la Discriminaci\u00f3n contra la Mujer (CEDAW) en la sede de la Organizaci\u00f3n de las Naciones Unidas, en Ginebra, Suiza.<\/p>\n\n\n\n<p>\u201cPor otro lado, la&nbsp;Fiscal\u00eda General&nbsp;del Estado de Oaxaca no ha dado resultado alguno en la nueva carpeta de investigaci\u00f3n por feminicidio, abierta el mismo 22 de noviembre de 2021 y est\u00e1n sin ejecutar las investigaciones y sanciones respectivas en contra del funcionariado que intervino en la integraci\u00f3n de la primera carpeta abierta en el periodo de&nbsp;Vasconcelos M\u00e9ndez.<\/p>\n\n\n\n<p>\u201cSe va Alejandro Murat Hinojosa. Su lealtad con la corrupci\u00f3n deja una estala de dolor para las familias de 715&nbsp;mujeres asesinadas, la mayor\u00eda sin acceso a la justicia\u201d, remarc\u00f3 en el comunicado.<\/p>\n","protected":false},"excerpt":{"rendered":"<p>Redacci\u00f3n\/Zona Roja. Oaxaca de Ju\u00e1rez, Oax., a 23 de noviembre de 2022.- El asesinato de&hellip;<\/p>\n","protected":false},"author":2,"featured_media":41858,"comment_status":"closed","ping_status":"open","sticky":false,"template":"","format":"standard","meta":{"_lmt_disableupdate":"","_lmt_disable":"","_jetpack_memberships_contains_paid_content":false,"footnotes":""},"categories":[109,47],"tags":[57],"class_list":["post-48401","post","type-post","status-publish","format-standard","has-post-thumbnail","hentry","category-minuto-a-minuto","category-zona-gris","tag-maria-del-sol-cruz"],"jetpack_featured_media_url":"https:\/\/zonaroja.com.mx\/wp-content\/uploads\/2022\/05\/Ruben-Vasconcelos-caso-Maria-del-Sol-Soledad-Jarquin.jpg","jetpack_sharing_enabled":true,"_links":{"self":[{"href":"https:\/\/zonaroja.com.mx\/index.php?rest_route=\/wp\/v2\/posts\/48401","targetHints":{"allow":["GET"]}}],"collection":[{"href":"https:\/\/zonaroja.com.mx\/index.php?rest_route=\/wp\/v2\/posts"}],"about":[{"href":"https:\/\/zonaroja.com.mx\/index.php?rest_route=\/wp\/v2\/types\/post"}],"author":[{"embeddable":true,"href":"https:\/\/zonaroja.com.mx\/index.php?rest_route=\/wp\/v2\/users\/2"}],"replies":[{"embeddable":true,"href":"https:\/\/zonaroja.com.mx\/index.php?rest_route=%2Fwp%2Fv2%2Fcomments&post=48401"}],"version-history":[{"count":1,"href":"https:\/\/zonaroja.com.mx\/index.php?rest_route=\/wp\/v2\/posts\/48401\/revisions"}],"predecessor-version":[{"id":48402,"href":"https:\/\/zonaroja.com.mx\/index.php?rest_route=\/wp\/v2\/posts\/48401\/revisions\/48402"}],"wp:featuredmedia":[{"embeddable":true,"href":"https:\/\/zonaroja.com.mx\/index.php?rest_route=\/wp\/v2\/media\/41858"}],"wp:attachment":[{"href":"https:\/\/zonaroja.com.mx\/index.php?rest_route=%2Fwp%2Fv2%2Fmedia&parent=48401"}],"wp:term":[{"taxonomy":"category","embeddable":true,"href":"https:\/\/zonaroja.com.mx\/index.php?rest_route=%2Fwp%2Fv2%2Fcategories&post=48401"},{"taxonomy":"post_tag","embeddable":true,"href":"https:\/\/zonaroja.com.mx\/index.php?rest_route=%2Fwp%2Fv2%2Ftags&post=48401"}],"curies":[{"name":"wp","href":"https:\/\/api.w.org\/{rel}","templated":true}]}}