{"id":48403,"date":"2022-11-23T08:03:31","date_gmt":"2022-11-23T14:03:31","guid":{"rendered":"http:\/\/www.zonaroja.com.mx\/?p=48403"},"modified":"2022-11-23T08:03:33","modified_gmt":"2022-11-23T14:03:33","slug":"obtiene-fiscalia-fallo-condenatorio-contra-agresor-sexual-de-dos-adolescentes","status":"publish","type":"post","link":"https:\/\/zonaroja.com.mx\/?p=48403","title":{"rendered":"Obtiene Fiscal\u00eda fallo condenatorio contra agresor sexual de dos adolescentes"},"content":{"rendered":"\n<p>Redacci\u00f3n\/Zona Roja.&nbsp;<\/p>\n\n\n\n<p>Oaxaca de Ju\u00e1rez, Oax., 23 de noviembre de 2022.- La Fiscal\u00eda General del Estado de Oaxaca (FGEO) obtuvo fallo condenatorio contra la persona del sexo masculino identificada como L. L. M., responsable de los delitos de violaci\u00f3n agravada y abuso sexual agravado en contra de dos adolescentes, cometido en jurisdicci\u00f3n de Magdalena Tequisistl\u00e1n, en la regi\u00f3n del Istmo de Tehuantepec.<\/p>\n\n\n\n<p>De acuerdo con la Carpeta de Investigaci\u00f3n 36871\/FIST\/FMUJ-TEHUANTEPEC\/2020, en diferentes fechas entre 2018 y 2020, el imputado agredi\u00f3 de manera sexual a las v\u00edctimas en diferentes sitios del referido municipio.<\/p>\n\n\n\n<p>Tras la denuncia de las v\u00edctimas, la Instituci\u00f3n de procuraci\u00f3n de justicia intervino, siendo la Vicefiscal\u00eda Regional del Istmo la instancia que atrajo el caso y permiti\u00f3 la aprehensi\u00f3n del agresor sexual, quien posteriormente qued\u00f3 sujeto a proceso gracias a las pruebas aportadas.<\/p>\n\n\n\n<p>Respecto a su situaci\u00f3n jur\u00eddica, el Tribunal de Enjuiciamiento dict\u00f3 fallo condenatorio en contra L. L. M., cuya lectura de sentencia se llevar\u00e1 a cabo el pr\u00f3ximo 25 de noviembre de 2022.<\/p>\n\n\n\n<p>&nbsp;DETENIDO AGRESOR<\/p>\n\n\n\n<p>En otro caso, la Fiscal\u00eda General del Estado de Oaxaca (FGEO) logr\u00f3 aprehender a la persona del sexo masculino identificada como M. R. V. o M. G. R., probable responsable del delito de violaci\u00f3n agravada en contra de una adolescente, cometido en jurisdicci\u00f3n de Tamazul\u00e1pam del Progreso, en la regi\u00f3n de la Mixteca.<\/p>\n\n\n\n<p>De acuerdo con la causa penal 274\/2021, en diferentes fechas entre los a\u00f1os 2014 y 2018, el imputado probablemente agredi\u00f3 de manera sexual a la v\u00edctima, en el interior de un domicilio particular ubicado en el referido municipio.<\/p>\n\n\n\n<p>Ante este hecho y tras la denuncia presentada, la Instituci\u00f3n de procuraci\u00f3n de justicia atrajo el caso e inici\u00f3 una exhaustiva investigaci\u00f3n, logrando aprehender al probable agresor sexual el pasado 18 de noviembre del a\u00f1o en curso.<\/p>\n\n\n\n<p>En audiencia, el imputado solicit\u00f3 ampliaci\u00f3n del t\u00e9rmino constitucional, mismo que fenece este 23 de noviembre, quedando en tanto en prisi\u00f3n preventiva de manera provisional.<\/p>\n\n\n\n<p>APREHENDEN A HOMICIDA<\/p>\n\n\n\n<p>Mientras tanto, la Fiscal\u00eda logr\u00f3 aprehender en el estado de Guerrero a la persona del sexo masculino identificada como B. S. M., probable part\u00edcipe de los delitos de homicidio calificado con ventaja en agravio de quien en vida respondi\u00f3 al nombre de H. C. T A., cometido en jurisdicci\u00f3n de Santiago Pinotepa Nacional, en la regi\u00f3n de la Costa.<\/p>\n\n\n\n<p>La aprehensi\u00f3n del imputado se logr\u00f3 gracias a la estrecha colaboraci\u00f3n con la Fiscal\u00eda General del Estado de Guerrero, cuando el sujeto se encontraba transitando sobre el bulevar Agust\u00edn Ram\u00edrez, en el Barrio de Talapa, perteneciente al municipio de Ometepec, en la referida entidad.<\/p>\n\n\n\n<p>De acuerdo con la causa penal 25\/2021, el 12 de enero de 2021, el imputado y otros sujetos privaron de la vida a la v\u00edctima con disparos de arma de fuego, cuando se encontraban en un predio denominado \u201cLa Peque\u00f1a\u201d, ubicado en la localidad de Collantes, perteneciente al referido municipio.<\/p>\n\n\n\n<p>Por estos hechos, la Fiscal\u00eda General -a trav\u00e9s de la Vicefiscal\u00eda Regional de la Costa- comenz\u00f3 con las investigaciones pertinentes que permitieron la ubicaci\u00f3n del probable responsable y su posterior aprehensi\u00f3n v\u00eda colaboraci\u00f3n Interinstitucional.<\/p>\n\n\n\n<p>Respecto a la situaci\u00f3n jur\u00eddica de B. S. M., luego de ser trasladado a la entidad oaxaque\u00f1a y ser presentado ante el Juez de Control, esta persona solicit\u00f3 el t\u00e9rmino constitucional, mismo que fenece el 22 de noviembre.<\/p>\n","protected":false},"excerpt":{"rendered":"<p>Redacci\u00f3n\/Zona Roja.&nbsp; Oaxaca de Ju\u00e1rez, Oax., 23 de noviembre de 2022.- La Fiscal\u00eda General del&hellip;<\/p>\n","protected":false},"author":2,"featured_media":3970,"comment_status":"closed","ping_status":"open","sticky":false,"template":"","format":"standard","meta":{"_lmt_disableupdate":"","_lmt_disable":"","_jetpack_memberships_contains_paid_content":false,"footnotes":""},"categories":[109,46],"tags":[494],"class_list":["post-48403","post","type-post","status-publish","format-standard","has-post-thumbnail","hentry","category-minuto-a-minuto","category-zona-blanca","tag-fiscalia-general-del-estado-de-oaxaca"],"jetpack_featured_media_url":"https:\/\/zonaroja.com.mx\/wp-content\/uploads\/2019\/09\/agresi\u00f3n-sexual.jpg","jetpack_sharing_enabled":true,"_links":{"self":[{"href":"https:\/\/zonaroja.com.mx\/index.php?rest_route=\/wp\/v2\/posts\/48403","targetHints":{"allow":["GET"]}}],"collection":[{"href":"https:\/\/zonaroja.com.mx\/index.php?rest_route=\/wp\/v2\/posts"}],"about":[{"href":"https:\/\/zonaroja.com.mx\/index.php?rest_route=\/wp\/v2\/types\/post"}],"author":[{"embeddable":true,"href":"https:\/\/zonaroja.com.mx\/index.php?rest_route=\/wp\/v2\/users\/2"}],"replies":[{"embeddable":true,"href":"https:\/\/zonaroja.com.mx\/index.php?rest_route=%2Fwp%2Fv2%2Fcomments&post=48403"}],"version-history":[{"count":1,"href":"https:\/\/zonaroja.com.mx\/index.php?rest_route=\/wp\/v2\/posts\/48403\/revisions"}],"predecessor-version":[{"id":48404,"href":"https:\/\/zonaroja.com.mx\/index.php?rest_route=\/wp\/v2\/posts\/48403\/revisions\/48404"}],"wp:featuredmedia":[{"embeddable":true,"href":"https:\/\/zonaroja.com.mx\/index.php?rest_route=\/wp\/v2\/media\/3970"}],"wp:attachment":[{"href":"https:\/\/zonaroja.com.mx\/index.php?rest_route=%2Fwp%2Fv2%2Fmedia&parent=48403"}],"wp:term":[{"taxonomy":"category","embeddable":true,"href":"https:\/\/zonaroja.com.mx\/index.php?rest_route=%2Fwp%2Fv2%2Fcategories&post=48403"},{"taxonomy":"post_tag","embeddable":true,"href":"https:\/\/zonaroja.com.mx\/index.php?rest_route=%2Fwp%2Fv2%2Ftags&post=48403"}],"curies":[{"name":"wp","href":"https:\/\/api.w.org\/{rel}","templated":true}]}}