{"id":48405,"date":"2022-11-23T12:04:00","date_gmt":"2022-11-23T18:04:00","guid":{"rendered":"http:\/\/www.zonaroja.com.mx\/?p=48405"},"modified":"2022-11-23T08:26:00","modified_gmt":"2022-11-23T14:26:00","slug":"oaxaquena-lider-stem-rumbo-a-cumbre-del-ict-de-latinoamerica-busca-ser-embajadora","status":"publish","type":"post","link":"https:\/\/zonaroja.com.mx\/?p=48405","title":{"rendered":"Oaxaque\u00f1a l\u00edder STEM rumbo a cumbre del ICT de Latinoam\u00e9rica; busca ser embajadora"},"content":{"rendered":"\n<p>Yuridiana Sosa\/Zona Roja.<\/p>\n\n\n\n<p>Oaxaca de Ju\u00e1rez, Oax., 23 de noviembre de 2022.- La oaxaque\u00f1a Amparo Rub\u00ed M\u00e9ndez Cruz, cofundadora de C-Mujer STEM, fue invita a ser parte de la cumbre de talento ICT de Latinoam\u00e9rica y el Caribe, y seleccionada como candidata a embajadora \u201cSeeds for the Future\u201d (Semillas para el futuro) que reconoce los talentos en las tecnolog\u00edas.<\/p>\n\n\n\n<p>Amparo M\u00e9ndez, ingeniera en Tecnolog\u00edas de la Informaci\u00f3n por la Universidad Tecnol\u00f3gica de Valles Centrales de Oaxaca, busca el apoyo de los oaxaque\u00f1os para superar la primera ronda de esta nominaci\u00f3n, en la que compite con otros tres mexicanos.<\/p>\n\n\n\n<p>La votaci\u00f3n cierra el pr\u00f3ximo 24 por medio de la cuenta oficial de Huawei, que contribuye a la organizaci\u00f3n de la cumbre. \u201c\u201c\u00a1Elijamos al embajador de #SeedsfortheFuture Latinoam\u00e9rica y el Caribe! Conoce a los participantes de&nbsp; M\u00e9xico y vota por tu favorito. El concursante con m\u00e1s votos de cada ronda, pasar\u00e1 a la final regional el 24 de noviembre\u201d, convoca la empresa mundial en tecnolog\u00eda.<\/p>\n\n\n\n<p>En el a\u00f1o 2020, M\u00e9ndez Cruz tambi\u00e9n form\u00f3 parte de la generaci\u00f3n 2020 Huawei \u201cSeed for the Future M\u00e9xico\u201d.&nbsp; Ante este logro, la joven profesionista de 23 a\u00f1os apunta que \u201cesto demuestra que Oaxaca no solo somos buenas y buenos embajadores de nuestra cultura, sino tambi\u00e9n tenemos el potencial de ser los l\u00edderes del ma\u00f1ana\u201d.<\/p>\n\n\n\n<p>\u201cParte importante de c\u00f3mo me gusta llevar mi ejercicio profesional es acompa\u00f1ar, guiar e inspirar a las nuevas generaciones de mujeres l\u00edderes en tecnolog\u00eda. No s\u00f3lo me dedico a ense\u00f1ar habilidades t\u00e9cnicas, tambi\u00e9n habilidades blandas y ser una plataforma para m\u00e1s mujeres\u201d, expres\u00f3 Amparo M\u00e9ndez en el video de la convocatoria.<\/p>\n\n\n\n<p>Cumbre de Talento TIC LAC 2022, por desarrollarse del 24 al 26 de noviembre en la Ciudad de M\u00e9xico, tiene el objetivo de promover el ecosistema del talento, abordando temas que incluyen la importancia del talento digital para nuestro futuro, cerrar las brechas en el desarrollo de talento, pol\u00edticas regionales de talento digital, estrategias y mejores pr\u00e1cticas, as\u00ed como involucran socios y partes interesadas para hacer crecer el grupo de talentos de TIC( Tecnolog\u00edas de la Informaci\u00f3n y la Comunicaci\u00f3n).<\/p>\n\n\n\n<p>MUJER DE IMPACTO<\/p>\n\n\n\n<p>Amparo M\u00e9ndez Cruz se convirti\u00f3 en una l\u00edder de su generaci\u00f3n, formando parte de diversos foros y conversatorios a favor de la inclusi\u00f3n de mujeres en las tecnolog\u00edas.<\/p>\n\n\n\n<p>Su inter\u00e9s en la divulgaci\u00f3n de las tecnolog\u00edas la llev\u00f3 a fundar el Centro Universitario para el Liderazgo de la Mujer, desde donde se apoya a las profesiones STEM (por sus siglas en ingl\u00e9s de Ciencia, Tecnolog\u00eda, Ingenier\u00eda y Matem\u00e1ticas), as\u00ed como a ni\u00f1as, j\u00f3venes y mujeres en el estado de Oaxaca, y con esto disminuir la brecha de g\u00e9nero en \u00e1reas tecnol\u00f3gicas.<\/p>\n\n\n\n<p>Entre sus participaciones sociales se cuenta la m\u00e1s reciente por \u201cD\u00eda Naranja\u201d, de la UTVC como parte del Programa C Mujer L\u00edder para hablar de violencia digital.<\/p>\n\n\n\n<p>En septiembre anunci\u00f3 que form\u00f3 parte de la primera generaci\u00f3n de Crece con Google para mujeres en STEM.<\/p>\n\n\n\n<p>Este a\u00f1o tambi\u00e9n se integr\u00f3 a la asociaci\u00f3n de mujeres \u201c50+1\u201d y particip\u00f3 en el conversatorio \u00abLas j\u00f3venes en la Ciencia y Tecnolog\u00eda\u00bb. As\u00ed como ha participado en foros en Palacio de Miner\u00eda, como parte de \u201c&#8217;Ingenieras Violetas\u201d.<\/p>\n\n\n\n<figure class=\"wp-block-embed is-type-video is-provider-youtube wp-block-embed-youtube wp-embed-aspect-4-3 wp-has-aspect-ratio\"><div class=\"wp-block-embed__wrapper\">\n<iframe title=\"Vital Voices 2021\" width=\"1170\" height=\"878\" src=\"https:\/\/www.youtube.com\/embed\/cnEny-Wqf8k?feature=oembed\" frameborder=\"0\" allow=\"accelerometer; autoplay; clipboard-write; encrypted-media; gyroscope; picture-in-picture\" allowfullscreen><\/iframe>\n<\/div><\/figure>\n","protected":false},"excerpt":{"rendered":"<p>Yuridiana Sosa\/Zona Roja. Oaxaca de Ju\u00e1rez, Oax., 23 de noviembre de 2022.- La oaxaque\u00f1a Amparo&hellip;<\/p>\n","protected":false},"author":2,"featured_media":48406,"comment_status":"closed","ping_status":"open","sticky":false,"template":"","format":"standard","meta":{"_lmt_disableupdate":"","_lmt_disable":"","_jetpack_memberships_contains_paid_content":false,"footnotes":""},"categories":[109,46],"tags":[3326],"class_list":["post-48405","post","type-post","status-publish","format-standard","has-post-thumbnail","hentry","category-minuto-a-minuto","category-zona-blanca","tag-amparo-rubi-mendez-cruz"],"jetpack_featured_media_url":"https:\/\/zonaroja.com.mx\/wp-content\/uploads\/2022\/11\/Amparo-Rubi-Mendez-Cruz.jpg","jetpack_sharing_enabled":true,"_links":{"self":[{"href":"https:\/\/zonaroja.com.mx\/index.php?rest_route=\/wp\/v2\/posts\/48405","targetHints":{"allow":["GET"]}}],"collection":[{"href":"https:\/\/zonaroja.com.mx\/index.php?rest_route=\/wp\/v2\/posts"}],"about":[{"href":"https:\/\/zonaroja.com.mx\/index.php?rest_route=\/wp\/v2\/types\/post"}],"author":[{"embeddable":true,"href":"https:\/\/zonaroja.com.mx\/index.php?rest_route=\/wp\/v2\/users\/2"}],"replies":[{"embeddable":true,"href":"https:\/\/zonaroja.com.mx\/index.php?rest_route=%2Fwp%2Fv2%2Fcomments&post=48405"}],"version-history":[{"count":1,"href":"https:\/\/zonaroja.com.mx\/index.php?rest_route=\/wp\/v2\/posts\/48405\/revisions"}],"predecessor-version":[{"id":48407,"href":"https:\/\/zonaroja.com.mx\/index.php?rest_route=\/wp\/v2\/posts\/48405\/revisions\/48407"}],"wp:featuredmedia":[{"embeddable":true,"href":"https:\/\/zonaroja.com.mx\/index.php?rest_route=\/wp\/v2\/media\/48406"}],"wp:attachment":[{"href":"https:\/\/zonaroja.com.mx\/index.php?rest_route=%2Fwp%2Fv2%2Fmedia&parent=48405"}],"wp:term":[{"taxonomy":"category","embeddable":true,"href":"https:\/\/zonaroja.com.mx\/index.php?rest_route=%2Fwp%2Fv2%2Fcategories&post=48405"},{"taxonomy":"post_tag","embeddable":true,"href":"https:\/\/zonaroja.com.mx\/index.php?rest_route=%2Fwp%2Fv2%2Ftags&post=48405"}],"curies":[{"name":"wp","href":"https:\/\/api.w.org\/{rel}","templated":true}]}}